{"id":965,"global_id":"formationsyndicale.cgt.fr?id=965","global_id_lineage":["formationsyndicale.cgt.fr?id=965"],"author":"3","status":"publish","date":"2025-04-17 11:28:43","date_utc":"2025-04-17 09:28:43","modified":"2025-04-17 11:33:52","modified_utc":"2025-04-17 09:33:52","url":"https:\/\/formationsyndicale.cgt.fr\/?tribe_events=n0216-2025-seminaire-retraite-2","rest_url":"https:\/\/formationsyndicale.cgt.fr\/index.php?rest_route=\/tribe\/events\/v1\/events\/965","title":"N\u00b04379\/2025 &#8211; S\u00e9minaire retraite","description":"<p><span style=\"color: #000080;\"><strong>Population syndicale concern\u00e9e<\/strong> <\/span><\/p>\n<h5><span style=\"color: #000080;\">Responsables syndicaux en charge des questions de protection sociale, de sant\u00e9 et travail, et mandat\u00e9s S\u00e9curit\u00e9 sociale.<\/span><\/h5>\n<hr \/>\n<p><span style=\"color: #000080;\"><strong>Les objectifs du s\u00e9minaire<\/strong> <\/span><\/p>\n<h5><span style=\"color: #000080;\">L\u2019objectif est d\u2019appr\u00e9hender les enjeux et m\u00e9canismes de solidarit\u00e9s li\u00e9s aux in\u00e9galit\u00e9s de carri\u00e8re et de salaires dans le monde du travail et de la retraite, et construire une r\u00e9ponse revendicative \u00e0 ces effets.<\/span><\/h5>\n<hr \/>\n<h5><a href=\"https:\/\/formationsyndicale.cgt.fr\/wp-content\/uploads\/2025\/04\/FD-Seminaire-retraite-Strasbourg-2025.docx\">FD S\u00e9minaire retraite Strasbourg 2025<\/a><\/h5>\n<h5><a href=\"https:\/\/formationsyndicale.cgt.fr\/wp-content\/uploads\/2025\/04\/FC-seminaire-Strasbourg-juin-2025.docx\">FC s\u00e9minaire Strasbourg juin 2025<\/a><\/h5>","excerpt":"","slug":"n0216-2025-seminaire-retraite-2","image":false,"all_day":false,"start_date":"2025-06-22 08:00:00","start_date_details":{"year":"2025","month":"06","day":"22","hour":"08","minutes":"00","seconds":"00"},"end_date":"2025-06-27 17:00:00","end_date_details":{"year":"2025","month":"06","day":"27","hour":"17","minutes":"00","seconds":"00"},"utc_start_date":"2025-06-22 06:00:00","utc_start_date_details":{"year":"2025","month":"06","day":"22","hour":"06","minutes":"00","seconds":"00"},"utc_end_date":"2025-06-27 15:00:00","utc_end_date_details":{"year":"2025","month":"06","day":"27","hour":"15","minutes":"00","seconds":"00"},"timezone":"Europe\/Paris","timezone_abbr":"CEST","cost":"","cost_details":{"currency_symbol":"\u20ac","currency_code":"EUR","currency_position":"suffix","values":[]},"website":"","show_map":true,"show_map_link":true,"hide_from_listings":false,"sticky":false,"featured":false,"categories":[],"tags":[],"venue":{"id":125,"author":"2","status":"publish","date":"2024-08-28 13:13:24","date_utc":"2024-08-28 11:13:24","modified":"2024-08-28 13:13:24","modified_utc":"2024-08-28 11:13:24","url":"https:\/\/formationsyndicale.cgt.fr\/?tribe_venue=institut-du-travail-universite-de-strasbourg","venue":"Institut du travail, Universit\u00e9 de Strasbourg","description":"<p>L\u2019Institut du travail de Strasbourg appartient au r\u00e9seau national des Instituts du travail.<\/p>","slug":"institut-du-travail-universite-de-strasbourg","address":"39 avenue de la For\u00eat Noire","city":"Strasbourg","country":"France","province":"Alsace","zip":"67000","phone":"+33368858700","website":"https:\/\/idt.unistra.fr\/","stateprovince":"Alsace","json_ld":{"@type":"Place","name":"Institut du travail, Universit\u00e9 de Strasbourg","description":"&lt;p&gt;L\u2019Institut du travail de Strasbourg appartient au r\u00e9seau national des Instituts du travail.&lt;\/p&gt;\\n","url":"","address":{"@type":"PostalAddress","streetAddress":"39 avenue de la For\u00eat Noire","addressLocality":"Strasbourg","addressRegion":"Alsace","postalCode":"67000","addressCountry":"France"},"telephone":"+33368858700","sameAs":"https:\/\/idt.unistra.fr\/"},"show_map":true,"show_map_link":true,"global_id":"formationsyndicale.cgt.fr?id=125","global_id_lineage":["formationsyndicale.cgt.fr?id=125"]},"organizer":[{"id":198,"author":"3","status":"publish","date":"2024-10-24 11:32:01","date_utc":"2024-10-24 09:32:01","modified":"2025-11-17 15:19:01","modified_utc":"2025-11-17 14:19:01","url":"https:\/\/formationsyndicale.cgt.fr\/?tribe_organizer=espace-revendicatif-pote-travail-sante-securite-sociale","organizer":"Espace revendicatif &#8211; P\u00f4te travail sant\u00e9 &#8211; S\u00e9curit\u00e9 sociale","description":"<p><strong>Espace revendicatif<\/strong><\/p>\n<p><strong>Activit\u00e9 retraite et pr\u00e9voyance<\/strong><\/p>","slug":"espace-revendicatif-pote-travail-sante-securite-sociale","phone":"01 55 82 82 22","website":"http:\/\/www.cgt.fr","email":"c.dufflot@cgt.org","json_ld":{"@type":"Person","name":"Espace revendicatif &#8211; P\u00f4te travail sant\u00e9 &#8211; S\u00e9curit\u00e9 sociale","description":"&lt;p&gt;Espace revendicatif Activit\u00e9 retraite et pr\u00e9voyance&lt;\/p&gt;\\n","url":"http:\/\/www.cgt.fr","telephone":"01 55 82 82 22","email":"c.&#100;uf&#102;l&#111;t&#64;&#99;&#103;&#116;.o&#114;g","sameAs":"http:\/\/www.cgt.fr"},"global_id":"formationsyndicale.cgt.fr?id=198","global_id_lineage":["formationsyndicale.cgt.fr?id=198"]}],"custom_fields":[],"json_ld":{"@context":"http:\/\/schema.org","@type":"Event","name":"N\u00b04379\/2025 &#8211; S\u00e9minaire retraite","description":"&lt;p&gt;Population syndicale concern\u00e9e Responsables syndicaux en charge des questions de protection sociale, de sant\u00e9 et travail, et mandat\u00e9s S\u00e9curit\u00e9 sociale. Les objectifs du s\u00e9minaire L\u2019objectif est d\u2019appr\u00e9hender les enjeux et&hellip;&nbsp;&lt;a href=&quot;https:\/\/formationsyndicale.cgt.fr\/?tribe_events=n0216-2025-seminaire-retraite-2&quot; rel=&quot;bookmark&quot;&gt;&lt;span class=&quot;screen-reader-text&quot;&gt;N\u00b04379\/2025 &#8211; S\u00e9minaire retraite&lt;\/span&gt;&lt;\/a&gt;&lt;\/p&gt;\\n","url":"https:\/\/formationsyndicale.cgt.fr\/?tribe_events=n0216-2025-seminaire-retraite-2","eventAttendanceMode":"https:\/\/schema.org\/OfflineEventAttendanceMode","eventStatus":"https:\/\/schema.org\/EventScheduled","startDate":"2025-06-22T08:00:00+02:00","endDate":"2025-06-27T17:00:00+02:00","location":{"@type":"Place","name":"Institut du travail, Universit\u00e9 de Strasbourg","description":"&lt;p&gt;L\u2019Institut du travail de Strasbourg appartient au r\u00e9seau national des Instituts du travail.&lt;\/p&gt;\\n","url":"","address":{"@type":"PostalAddress","streetAddress":"39 avenue de la For\u00eat Noire","addressLocality":"Strasbourg","addressRegion":"Alsace","postalCode":"67000","addressCountry":"France"},"telephone":"+33368858700","sameAs":"https:\/\/idt.unistra.fr\/"},"organizer":{"@type":"Person","name":"Espace revendicatif &#8211; P\u00f4te travail sant\u00e9 &#8211; S\u00e9curit\u00e9 sociale","description":"&lt;p&gt;Espace revendicatif Activit\u00e9 retraite et pr\u00e9voyance&lt;\/p&gt;\\n","url":"http:\/\/www.cgt.fr","telephone":"01 55 82 82 22","email":"c.&#100;&#117;f&#102;&#108;o&#116;&#64;&#99;&#103;t.&#111;&#114;&#103;","sameAs":"http:\/\/www.cgt.fr"},"performer":"Organization"}}