{"id":850,"global_id":"formationsyndicale.cgt.fr?id=850","global_id_lineage":["formationsyndicale.cgt.fr?id=850"],"author":"3","status":"publish","date":"2025-02-10 15:59:02","date_utc":"2025-02-10 14:59:02","modified":"2025-02-10 16:04:05","modified_utc":"2025-02-10 15:04:05","url":"https:\/\/formationsyndicale.cgt.fr\/?tribe_events=n0287-2025-participer-a-la-vie-syndicale-retraite%c2%b7e%c2%b7s","rest_url":"https:\/\/formationsyndicale.cgt.fr\/index.php?rest_route=\/tribe\/events\/v1\/events\/850","title":"N\u00b00287\/2025 &#8211; Participer \u00e0 la vie syndicale retrait\u00e9\u00b7e\u00b7s","description":"<h4><span style=\"color: #003366;\">Public cible<\/span><\/h4>\n<h5><span style=\"color: #003366;\">Dirigeantes et dirigeants des USR et UFR.<\/span><\/h5>\n<hr \/>\n<p>&nbsp;<\/p>","excerpt":"","slug":"n0287-2025-participer-a-la-vie-syndicale-retraite%c2%b7e%c2%b7s","image":false,"all_day":false,"start_date":"2025-05-05 08:00:00","start_date_details":{"year":"2025","month":"05","day":"05","hour":"08","minutes":"00","seconds":"00"},"end_date":"2025-05-07 17:00:00","end_date_details":{"year":"2025","month":"05","day":"07","hour":"17","minutes":"00","seconds":"00"},"utc_start_date":"2025-05-05 06:00:00","utc_start_date_details":{"year":"2025","month":"05","day":"05","hour":"06","minutes":"00","seconds":"00"},"utc_end_date":"2025-05-07 15:00:00","utc_end_date_details":{"year":"2025","month":"05","day":"07","hour":"15","minutes":"00","seconds":"00"},"timezone":"Europe\/Paris","timezone_abbr":"CEST","cost":"","cost_details":{"currency_symbol":"\u20ac","currency_code":"EUR","currency_position":"suffix","values":[]},"website":"","show_map":true,"show_map_link":true,"hide_from_listings":false,"sticky":false,"featured":false,"categories":[],"tags":[],"venue":{"id":14,"author":"1","status":"publish","date":"2024-05-14 13:55:25","date_utc":"2024-05-14 11:55:25","modified":"2024-05-14 13:55:25","modified_utc":"2024-05-14 11:55:25","url":"https:\/\/formationsyndicale.cgt.fr\/?tribe_venue=centre-de-formation-syndicale-confederal-benoit-frachon","venue":"Centre de formation syndicale conf\u00e9d\u00e9ral Beno\u00eet Frachon","slug":"centre-de-formation-syndicale-confederal-benoit-frachon","address":"12 rue Fernand Leger","city":"Gif-sur-yvette","country":"France","province":"Essonne","zip":"91190","phone":"0169864000","website":"https:\/\/cbf.cgt.fr","stateprovince":"Essonne","json_ld":{"@type":"Place","name":"Centre de formation syndicale conf\u00e9d\u00e9ral Beno\u00eet Frachon","description":"","url":"","address":{"@type":"PostalAddress","streetAddress":"12 rue Fernand Leger","addressLocality":"Gif-sur-yvette","addressRegion":"Essonne","postalCode":"91190","addressCountry":"France"},"telephone":"0169864000","sameAs":"https:\/\/cbf.cgt.fr"},"show_map":true,"show_map_link":true,"global_id":"formationsyndicale.cgt.fr?id=14","global_id_lineage":["formationsyndicale.cgt.fr?id=14"]},"organizer":[{"id":665,"author":"3","status":"publish","date":"2024-12-11 10:34:40","date_utc":"2024-12-11 09:34:40","modified":"2025-11-17 15:11:50","modified_utc":"2025-11-17 14:11:50","url":"https:\/\/formationsyndicale.cgt.fr\/?tribe_organizer=activites-confederales-ucr","organizer":"Activit\u00e9s conf\u00e9d\u00e9rales &#8211; UCR","slug":"activites-confederales-ucr","phone":"01 55 82 83 80","email":"ucr@cgt.org","json_ld":{"@type":"Person","name":"Activit\u00e9s conf\u00e9d\u00e9rales &#8211; UCR","description":"","url":"","telephone":"01 55 82 83 80","email":"&#117;c&#114;&#64;&#99;&#103;&#116;&#46;org","sameAs":""},"global_id":"formationsyndicale.cgt.fr?id=665","global_id_lineage":["formationsyndicale.cgt.fr?id=665"]}],"custom_fields":[],"json_ld":{"@context":"http:\/\/schema.org","@type":"Event","name":"N\u00b00287\/2025 &#8211; Participer \u00e0 la vie syndicale retrait\u00e9\u00b7e\u00b7s","description":"&lt;p&gt;Public cible Dirigeantes et dirigeants des USR et UFR. &nbsp;&lt;\/p&gt;\\n","url":"https:\/\/formationsyndicale.cgt.fr\/?tribe_events=n0287-2025-participer-a-la-vie-syndicale-retraite%c2%b7e%c2%b7s","eventAttendanceMode":"https:\/\/schema.org\/OfflineEventAttendanceMode","eventStatus":"https:\/\/schema.org\/EventScheduled","startDate":"2025-05-05T08:00:00+02:00","endDate":"2025-05-07T17:00:00+02:00","location":{"@type":"Place","name":"Centre de formation syndicale conf\u00e9d\u00e9ral Beno\u00eet Frachon","description":"","url":"","address":{"@type":"PostalAddress","streetAddress":"12 rue Fernand Leger","addressLocality":"Gif-sur-yvette","addressRegion":"Essonne","postalCode":"91190","addressCountry":"France"},"telephone":"0169864000","sameAs":"https:\/\/cbf.cgt.fr"},"organizer":{"@type":"Person","name":"Activit\u00e9s conf\u00e9d\u00e9rales &#8211; UCR","description":"","url":"","telephone":"01 55 82 83 80","email":"uc&#114;&#64;c&#103;t.o&#114;&#103;","sameAs":""},"performer":"Organization"}}