{"id":837,"global_id":"formationsyndicale.cgt.fr?id=837","global_id_lineage":["formationsyndicale.cgt.fr?id=837"],"author":"3","status":"publish","date":"2025-02-10 15:27:24","date_utc":"2025-02-10 14:27:24","modified":"2025-02-10 15:27:24","modified_utc":"2025-02-10 14:27:24","url":"https:\/\/formationsyndicale.cgt.fr\/?tribe_events=n0285-2025-sensibilisation-aux-archives","rest_url":"https:\/\/formationsyndicale.cgt.fr\/index.php?rest_route=\/tribe\/events\/v1\/events\/837","title":"N\u00b00285\/2025 &#8211; Sensibilisation aux archives","description":"<h4><span style=\"color: #003366;\">Public cible<\/span><\/h4>\n<h5><span style=\"color: #003366;\">Syndiqu\u00e9(e)s, militant(e)s travaillant au sein du r\u00e9seau des Instituts d\u2019histoire sociale et aux syndiqu\u00e9(e)s, militant(e)s qui sont ou seront amen\u00e9(e)s \u00e0 prendre en charge les questions d\u2019archivage au sein de leur structure.<\/span><\/h5>\n<hr \/>\n<h5><\/h5>","excerpt":"","slug":"n0285-2025-sensibilisation-aux-archives","image":false,"all_day":false,"start_date":"2025-12-03 08:00:00","start_date_details":{"year":"2025","month":"12","day":"03","hour":"08","minutes":"00","seconds":"00"},"end_date":"2025-12-05 17:00:00","end_date_details":{"year":"2025","month":"12","day":"05","hour":"17","minutes":"00","seconds":"00"},"utc_start_date":"2025-12-03 07:00:00","utc_start_date_details":{"year":"2025","month":"12","day":"03","hour":"07","minutes":"00","seconds":"00"},"utc_end_date":"2025-12-05 16:00:00","utc_end_date_details":{"year":"2025","month":"12","day":"05","hour":"16","minutes":"00","seconds":"00"},"timezone":"Europe\/Paris","timezone_abbr":"CET","cost":"","cost_details":{"currency_symbol":"\u20ac","currency_code":"EUR","currency_position":"suffix","values":[]},"website":"","show_map":true,"show_map_link":true,"hide_from_listings":false,"sticky":false,"featured":false,"categories":[],"tags":[],"venue":{"id":14,"author":"1","status":"publish","date":"2024-05-14 13:55:25","date_utc":"2024-05-14 11:55:25","modified":"2024-05-14 13:55:25","modified_utc":"2024-05-14 11:55:25","url":"https:\/\/formationsyndicale.cgt.fr\/?tribe_venue=centre-de-formation-syndicale-confederal-benoit-frachon","venue":"Centre de formation syndicale conf\u00e9d\u00e9ral Beno\u00eet Frachon","slug":"centre-de-formation-syndicale-confederal-benoit-frachon","address":"12 rue Fernand Leger","city":"Gif-sur-yvette","country":"France","province":"Essonne","zip":"91190","phone":"0169864000","website":"https:\/\/cbf.cgt.fr","stateprovince":"Essonne","json_ld":{"@type":"Place","name":"Centre de formation syndicale conf\u00e9d\u00e9ral Beno\u00eet Frachon","description":"","url":"","address":{"@type":"PostalAddress","streetAddress":"12 rue Fernand Leger","addressLocality":"Gif-sur-yvette","addressRegion":"Essonne","postalCode":"91190","addressCountry":"France"},"telephone":"0169864000","sameAs":"https:\/\/cbf.cgt.fr"},"show_map":true,"show_map_link":true,"global_id":"formationsyndicale.cgt.fr?id=14","global_id_lineage":["formationsyndicale.cgt.fr?id=14"]},"organizer":[{"id":838,"author":"3","status":"publish","date":"2025-02-10 15:27:24","date_utc":"2025-02-10 14:27:24","modified":"2025-11-17 15:10:46","modified_utc":"2025-11-17 14:10:46","url":"https:\/\/formationsyndicale.cgt.fr\/?tribe_organizer=activites-confederales-i-h-s","organizer":"Activit\u00e9s conf\u00e9d\u00e9rales &#8211; I H S","slug":"activites-confederales-i-h-s","phone":"01 55 82 81 13","website":"http:\/\/www.cgt.fr","email":"ihs@cgt.org","json_ld":{"@type":"Person","name":"Activit\u00e9s conf\u00e9d\u00e9rales &#8211; I H S","description":"","url":"http:\/\/www.cgt.fr","telephone":"01 55 82 81 13","email":"&#105;hs&#64;&#99;&#103;&#116;.&#111;r&#103;","sameAs":"http:\/\/www.cgt.fr"},"global_id":"formationsyndicale.cgt.fr?id=838","global_id_lineage":["formationsyndicale.cgt.fr?id=838"]}],"custom_fields":[],"json_ld":{"@context":"http:\/\/schema.org","@type":"Event","name":"N\u00b00285\/2025 &#8211; Sensibilisation aux archives","description":"&lt;p&gt;Public cible Syndiqu\u00e9(e)s, militant(e)s travaillant au sein du r\u00e9seau des Instituts d\u2019histoire sociale et aux syndiqu\u00e9(e)s, militant(e)s qui sont ou seront amen\u00e9(e)s \u00e0 prendre en charge les questions d\u2019archivage au&hellip;&nbsp;&lt;a href=&quot;https:\/\/formationsyndicale.cgt.fr\/?tribe_events=n0285-2025-sensibilisation-aux-archives&quot; rel=&quot;bookmark&quot;&gt;&lt;span class=&quot;screen-reader-text&quot;&gt;N\u00b00285\/2025 &#8211; Sensibilisation aux archives&lt;\/span&gt;&lt;\/a&gt;&lt;\/p&gt;\\n","url":"https:\/\/formationsyndicale.cgt.fr\/?tribe_events=n0285-2025-sensibilisation-aux-archives","eventAttendanceMode":"https:\/\/schema.org\/OfflineEventAttendanceMode","eventStatus":"https:\/\/schema.org\/EventScheduled","startDate":"2025-12-03T08:00:00+01:00","endDate":"2025-12-05T17:00:00+01:00","location":{"@type":"Place","name":"Centre de formation syndicale conf\u00e9d\u00e9ral Beno\u00eet Frachon","description":"","url":"","address":{"@type":"PostalAddress","streetAddress":"12 rue Fernand Leger","addressLocality":"Gif-sur-yvette","addressRegion":"Essonne","postalCode":"91190","addressCountry":"France"},"telephone":"0169864000","sameAs":"https:\/\/cbf.cgt.fr"},"organizer":{"@type":"Person","name":"Activit\u00e9s conf\u00e9d\u00e9rales &#8211; I H S","description":"","url":"http:\/\/www.cgt.fr","telephone":"01 55 82 81 13","email":"&#105;&#104;s&#64;c&#103;t&#46;o&#114;&#103;","sameAs":"http:\/\/www.cgt.fr"},"performer":"Organization"}}