{"id":822,"global_id":"formationsyndicale.cgt.fr?id=822","global_id_lineage":["formationsyndicale.cgt.fr?id=822"],"author":"3","status":"publish","date":"2025-02-10 14:50:53","date_utc":"2025-02-10 13:50:53","modified":"2025-02-10 14:51:00","modified_utc":"2025-02-10 13:51:00","url":"https:\/\/formationsyndicale.cgt.fr\/?tribe_events=n0225-2025-dlaj","rest_url":"https:\/\/formationsyndicale.cgt.fr\/index.php?rest_route=\/tribe\/events\/v1\/events\/822","title":"N\u00b00225\/2025 &#8211; DLAJ","description":"","excerpt":"","slug":"n0225-2025-dlaj","image":false,"all_day":false,"start_date":"2025-10-20 08:00:00","start_date_details":{"year":"2025","month":"10","day":"20","hour":"08","minutes":"00","seconds":"00"},"end_date":"2025-10-24 17:00:00","end_date_details":{"year":"2025","month":"10","day":"24","hour":"17","minutes":"00","seconds":"00"},"utc_start_date":"2025-10-20 06:00:00","utc_start_date_details":{"year":"2025","month":"10","day":"20","hour":"06","minutes":"00","seconds":"00"},"utc_end_date":"2025-10-24 15:00:00","utc_end_date_details":{"year":"2025","month":"10","day":"24","hour":"15","minutes":"00","seconds":"00"},"timezone":"Europe\/Paris","timezone_abbr":"CEST","cost":"","cost_details":{"currency_symbol":"\u20ac","currency_code":"EUR","currency_position":"suffix","values":[]},"website":"","show_map":true,"show_map_link":true,"hide_from_listings":false,"sticky":false,"featured":false,"categories":[],"tags":[],"venue":{"id":14,"author":"1","status":"publish","date":"2024-05-14 13:55:25","date_utc":"2024-05-14 11:55:25","modified":"2024-05-14 13:55:25","modified_utc":"2024-05-14 11:55:25","url":"https:\/\/formationsyndicale.cgt.fr\/?tribe_venue=centre-de-formation-syndicale-confederal-benoit-frachon","venue":"Centre de formation syndicale conf\u00e9d\u00e9ral Beno\u00eet Frachon","slug":"centre-de-formation-syndicale-confederal-benoit-frachon","address":"12 rue Fernand Leger","city":"Gif-sur-yvette","country":"France","province":"Essonne","zip":"91190","phone":"0169864000","website":"https:\/\/cbf.cgt.fr","stateprovince":"Essonne","json_ld":{"@type":"Place","name":"Centre de formation syndicale conf\u00e9d\u00e9ral Beno\u00eet Frachon","description":"","url":"","address":{"@type":"PostalAddress","streetAddress":"12 rue Fernand Leger","addressLocality":"Gif-sur-yvette","addressRegion":"Essonne","postalCode":"91190","addressCountry":"France"},"telephone":"0169864000","sameAs":"https:\/\/cbf.cgt.fr"},"show_map":true,"show_map_link":true,"global_id":"formationsyndicale.cgt.fr?id=14","global_id_lineage":["formationsyndicale.cgt.fr?id=14"]},"organizer":[{"id":629,"author":"3","status":"publish","date":"2024-12-10 16:10:14","date_utc":"2024-12-10 15:10:14","modified":"2025-11-17 15:13:04","modified_utc":"2025-11-17 14:13:04","url":"https:\/\/formationsyndicale.cgt.fr\/?tribe_organizer=espace-revendicatif-pole-dlaj","organizer":"Espace revendicatif &#8211; P\u00f4le DLAJ","slug":"espace-revendicatif-pole-dlaj","phone":"01 55 82 82 11","email":"dlaj@cgt.org","json_ld":{"@type":"Person","name":"Espace revendicatif &#8211; P\u00f4le DLAJ","description":"","url":"","telephone":"01 55 82 82 11","email":"&#100;laj&#64;&#99;gt.or&#103;","sameAs":""},"global_id":"formationsyndicale.cgt.fr?id=629","global_id_lineage":["formationsyndicale.cgt.fr?id=629"]}],"custom_fields":[],"json_ld":{"@context":"http:\/\/schema.org","@type":"Event","name":"N\u00b00225\/2025 &#8211; DLAJ","description":"","url":"https:\/\/formationsyndicale.cgt.fr\/?tribe_events=n0225-2025-dlaj","eventAttendanceMode":"https:\/\/schema.org\/OfflineEventAttendanceMode","eventStatus":"https:\/\/schema.org\/EventScheduled","startDate":"2025-10-20T08:00:00+02:00","endDate":"2025-10-24T17:00:00+02:00","location":{"@type":"Place","name":"Centre de formation syndicale conf\u00e9d\u00e9ral Beno\u00eet Frachon","description":"","url":"","address":{"@type":"PostalAddress","streetAddress":"12 rue Fernand Leger","addressLocality":"Gif-sur-yvette","addressRegion":"Essonne","postalCode":"91190","addressCountry":"France"},"telephone":"0169864000","sameAs":"https:\/\/cbf.cgt.fr"},"organizer":{"@type":"Person","name":"Espace revendicatif &#8211; P\u00f4le DLAJ","description":"","url":"","telephone":"01 55 82 82 11","email":"&#100;laj&#64;cg&#116;.org","sameAs":""},"performer":"Organization"}}