{"id":820,"global_id":"formationsyndicale.cgt.fr?id=820","global_id_lineage":["formationsyndicale.cgt.fr?id=820"],"author":"3","status":"publish","date":"2025-02-10 12:24:34","date_utc":"2025-02-10 11:24:34","modified":"2025-02-10 12:24:34","modified_utc":"2025-02-10 11:24:34","url":"https:\/\/formationsyndicale.cgt.fr\/?tribe_events=n0108-2025-agir-pour-legalite-professionnelle-entre-les-femmes-et-les-hommes","rest_url":"https:\/\/formationsyndicale.cgt.fr\/index.php?rest_route=\/tribe\/events\/v1\/events\/820","title":"N\u00b00108\/2025 &#8211; Agir pour l&rsquo;\u00e9galit\u00e9 professionnelle entre les femmes et les hommes","description":"<h4><span style=\"color: #003366;\">Public cible<\/span><\/h4>\n<h5><span style=\"color: #003366;\">Elu.e.s et mandat\u00e9.e.s, dans le secteur priv\u00e9 et la fonction publique, qu\u2019elles.ils soient D\u00e9l\u00e9gu\u00e9.e.s syndicales.aux, CSE, CSST, CE, DP, CHSCT, CT, CAP des syndicats, f\u00e9d\u00e9rations, unions d\u00e9partementales qui sont appel\u00e9s \u00e0 n\u00e9gocier l\u2019\u00e9galit\u00e9 professionnelle dans les branches ou sur leur lieu de travail, ainsi qu\u2019aux camarades ayant en charge l\u2019impulsion de cette activit\u00e9.<\/span><\/h5>","excerpt":"","slug":"n0108-2025-agir-pour-legalite-professionnelle-entre-les-femmes-et-les-hommes","image":false,"all_day":false,"start_date":"2025-11-03 08:00:00","start_date_details":{"year":"2025","month":"11","day":"03","hour":"08","minutes":"00","seconds":"00"},"end_date":"2025-11-07 17:00:00","end_date_details":{"year":"2025","month":"11","day":"07","hour":"17","minutes":"00","seconds":"00"},"utc_start_date":"2025-11-03 07:00:00","utc_start_date_details":{"year":"2025","month":"11","day":"03","hour":"07","minutes":"00","seconds":"00"},"utc_end_date":"2025-11-07 16:00:00","utc_end_date_details":{"year":"2025","month":"11","day":"07","hour":"16","minutes":"00","seconds":"00"},"timezone":"Europe\/Paris","timezone_abbr":"CET","cost":"","cost_details":{"currency_symbol":"\u20ac","currency_code":"EUR","currency_position":"suffix","values":[]},"website":"","show_map":true,"show_map_link":true,"hide_from_listings":false,"sticky":false,"featured":false,"categories":[],"tags":[],"venue":{"id":125,"author":"2","status":"publish","date":"2024-08-28 13:13:24","date_utc":"2024-08-28 11:13:24","modified":"2024-08-28 13:13:24","modified_utc":"2024-08-28 11:13:24","url":"https:\/\/formationsyndicale.cgt.fr\/?tribe_venue=institut-du-travail-universite-de-strasbourg","venue":"Institut du travail, Universit\u00e9 de Strasbourg","description":"<p>L\u2019Institut du travail de Strasbourg appartient au r\u00e9seau national des Instituts du travail.<\/p>","slug":"institut-du-travail-universite-de-strasbourg","address":"39 avenue de la For\u00eat Noire","city":"Strasbourg","country":"France","province":"Alsace","zip":"67000","phone":"+33368858700","website":"https:\/\/idt.unistra.fr\/","stateprovince":"Alsace","json_ld":{"@type":"Place","name":"Institut du travail, Universit\u00e9 de Strasbourg","description":"&lt;p&gt;L\u2019Institut du travail de Strasbourg appartient au r\u00e9seau national des Instituts du travail.&lt;\/p&gt;\\n","url":"","address":{"@type":"PostalAddress","streetAddress":"39 avenue de la For\u00eat Noire","addressLocality":"Strasbourg","addressRegion":"Alsace","postalCode":"67000","addressCountry":"France"},"telephone":"+33368858700","sameAs":"https:\/\/idt.unistra.fr\/"},"show_map":true,"show_map_link":true,"global_id":"formationsyndicale.cgt.fr?id=125","global_id_lineage":["formationsyndicale.cgt.fr?id=125"]},"organizer":[{"id":624,"author":"3","status":"publish","date":"2024-12-10 16:00:03","date_utc":"2024-12-10 15:00:03","modified":"2025-11-17 15:15:09","modified_utc":"2025-11-17 14:15:09","url":"https:\/\/formationsyndicale.cgt.fr\/?tribe_organizer=espace-revendicatif-pole-egalite-des-droits","organizer":"Espace revendicatif &#8211; P\u00f4le \u00e9galit\u00e9 des droits","slug":"espace-revendicatif-pole-egalite-des-droits","phone":"01 55 82 81 45","website":"http:\/\/www.cgt.fr","email":"discrim-homo@cgt.org","json_ld":{"@type":"Person","name":"Espace revendicatif &#8211; P\u00f4le \u00e9galit\u00e9 des droits","description":"","url":"http:\/\/www.cgt.fr","telephone":"01 55 82 81 45","email":"&#100;&#105;s&#99;ri&#109;-hom&#111;&#64;&#99;g&#116;.or&#103;","sameAs":"http:\/\/www.cgt.fr"},"global_id":"formationsyndicale.cgt.fr?id=624","global_id_lineage":["formationsyndicale.cgt.fr?id=624"]}],"custom_fields":[],"json_ld":{"@context":"http:\/\/schema.org","@type":"Event","name":"N\u00b00108\/2025 &#8211; Agir pour l&rsquo;\u00e9galit\u00e9 professionnelle entre les femmes et les hommes","description":"&lt;p&gt;Public cible Elu.e.s et mandat\u00e9.e.s, dans le secteur priv\u00e9 et la fonction publique, qu\u2019elles.ils soient D\u00e9l\u00e9gu\u00e9.e.s syndicales.aux, CSE, CSST, CE, DP, CHSCT, CT, CAP des syndicats, f\u00e9d\u00e9rations, unions d\u00e9partementales qui&hellip;&nbsp;&lt;a href=&quot;https:\/\/formationsyndicale.cgt.fr\/?tribe_events=n0108-2025-agir-pour-legalite-professionnelle-entre-les-femmes-et-les-hommes&quot; rel=&quot;bookmark&quot;&gt;&lt;span class=&quot;screen-reader-text&quot;&gt;N\u00b00108\/2025 &#8211; Agir pour l&rsquo;\u00e9galit\u00e9 professionnelle entre les femmes et les hommes&lt;\/span&gt;&lt;\/a&gt;&lt;\/p&gt;\\n","url":"https:\/\/formationsyndicale.cgt.fr\/?tribe_events=n0108-2025-agir-pour-legalite-professionnelle-entre-les-femmes-et-les-hommes","eventAttendanceMode":"https:\/\/schema.org\/OfflineEventAttendanceMode","eventStatus":"https:\/\/schema.org\/EventScheduled","startDate":"2025-11-03T08:00:00+01:00","endDate":"2025-11-07T17:00:00+01:00","location":{"@type":"Place","name":"Institut du travail, Universit\u00e9 de Strasbourg","description":"&lt;p&gt;L\u2019Institut du travail de Strasbourg appartient au r\u00e9seau national des Instituts du travail.&lt;\/p&gt;\\n","url":"","address":{"@type":"PostalAddress","streetAddress":"39 avenue de la For\u00eat Noire","addressLocality":"Strasbourg","addressRegion":"Alsace","postalCode":"67000","addressCountry":"France"},"telephone":"+33368858700","sameAs":"https:\/\/idt.unistra.fr\/"},"organizer":{"@type":"Person","name":"Espace revendicatif &#8211; P\u00f4le \u00e9galit\u00e9 des droits","description":"","url":"http:\/\/www.cgt.fr","telephone":"01 55 82 81 45","email":"d&#105;scr&#105;&#109;-ho&#109;o&#64;cgt.or&#103;","sameAs":"http:\/\/www.cgt.fr"},"performer":"Organization"}}