{"id":772,"global_id":"formationsyndicale.cgt.fr?id=772","global_id_lineage":["formationsyndicale.cgt.fr?id=772"],"author":"3","status":"publish","date":"2025-01-21 13:43:42","date_utc":"2025-01-21 12:43:42","modified":"2025-04-09 16:28:21","modified_utc":"2025-04-09 14:28:21","url":"https:\/\/formationsyndicale.cgt.fr\/?tribe_events=n-1622-2025-animatrice-animateur-dlaj","rest_url":"https:\/\/formationsyndicale.cgt.fr\/index.php?rest_route=\/tribe\/events\/v1\/events\/772","title":"N\u00b0 1622\/2025 &#8211; Animatrice, animateur DLAJ","description":"<h4><span style=\"color: #003366;\">Public concern\u00e9<\/span><\/h4>\n<h5><span style=\"color: #003366;\">Ce stage est con\u00e7u en priorit\u00e9 pour les responsables (ou futurs responsables) DLAJ d\u2019UD et de f\u00e9d\u00e9rations qui peuvent elles-m\u00eames valider les candidatures de responsables DLAJ d\u2019autres organisations (UL, USD, syndicat national\u2026) quand elles sont li\u00e9es \u00e0 un objectif pr\u00e9cis en mati\u00e8re de plan d\u2019action ou de \u00ab cadres syndicaux \u00bb.<\/span><\/h5>\n<hr \/>\n<h4><span style=\"color: #003366;\">Objectif du stage<\/span><\/h4>\n<h5><span style=\"color: #003366;\">\u00catre en capacit\u00e9 pour les lois r\u00e9centes, mais pas seulement, d\u2019expliquer des aspects particuliers de la mise en pratique.<\/span><br \/>\n<span style=\"color: #003366;\">Conna\u00eetre les diff\u00e9rentes juridictions et les diff\u00e9rentes proc\u00e9dures afin d\u2019\u00eatre en mesure de d\u00e9cider de la meilleure strat\u00e9gie juridique.<\/span><br \/>\n<span style=\"color: #003366;\">Organiser l\u2019accueil syndical. \u00a0\u00a0\u00a0\u00a0\u00a0\u00a0\u00a0\u00a0\u00a0\u00a0\u00a0\u00a0\u00a0\u00a0\u00a0\u00a0\u00a0\u00a0\u00a0\u00a0\u00a0\u00a0\u00a0\u00a0\u00a0\u00a0\u00a0\u00a0\u00a0\u00a0\u00a0\u00a0\u00a0\u00a0\u00a0\u00a0\u00a0\u00a0\u00a0\u00a0\u00a0\u00a0\u00a0\u00a0\u00a0\u00a0\u00a0\u00a0\u00a0\u00a0\u00a0\u00a0\u00a0\u00a0\u00a0\u00a0\u00a0\u00a0\u00a0\u00a0\u00a0\u00a0\u00a0\u00a0\u00a0\u00a0\u00a0\u00a0\u00a0\u00a0\u00a0\u00a0\u00a0\u00a0\u00a0\u00a0\u00a0\u00a0\u00a0\u00a0\u00a0\u00a0\u00a0\u00a0\u00a0\u00a0\u00a0\u00a0\u00a0\u00a0\u00a0\u00a0\u00a0\u00a0\u00a0\u00a0\u00a0\u00a0\u00a0\u00a0\u00a0\u00a0\u00a0\u00a0\u00a0\u00a0\u00a0\u00a0\u00a0\u00a0\u00a0\u00a0\u00a0\u00a0\u00a0\u00a0\u00a0\u00a0\u00a0\u00a0\u00a0\u00a0\u00a0\u00a0\u00a0\u00a0\u00a0\u00a0\u00a0\u00a0\u00a0\u00a0\u00a0\u00a0\u00a0\u00a0\u00a0\u00a0\u00a0\u00a0\u00a0\u00a0\u00a0\u00a0\u00a0\u00a0 Animer un collectif DLAJ.<\/span><\/h5>\n<hr \/>\n<h5><a href=\"https:\/\/formationsyndicale.cgt.fr\/wp-content\/uploads\/2025\/01\/Animateurs-DLAJ_juin-2025.pdf\">Animateurs DLAJ_juin 2025<\/a><\/h5>","excerpt":"","slug":"n-1622-2025-animatrice-animateur-dlaj","image":false,"all_day":false,"start_date":"2025-06-23 08:00:00","start_date_details":{"year":"2025","month":"06","day":"23","hour":"08","minutes":"00","seconds":"00"},"end_date":"2025-06-27 17:00:00","end_date_details":{"year":"2025","month":"06","day":"27","hour":"17","minutes":"00","seconds":"00"},"utc_start_date":"2025-06-23 06:00:00","utc_start_date_details":{"year":"2025","month":"06","day":"23","hour":"06","minutes":"00","seconds":"00"},"utc_end_date":"2025-06-27 15:00:00","utc_end_date_details":{"year":"2025","month":"06","day":"27","hour":"15","minutes":"00","seconds":"00"},"timezone":"Europe\/Paris","timezone_abbr":"CEST","cost":"","cost_details":{"currency_symbol":"\u20ac","currency_code":"EUR","currency_position":"suffix","values":[]},"website":"","show_map":true,"show_map_link":true,"hide_from_listings":false,"sticky":false,"featured":false,"categories":[],"tags":[],"venue":{"id":14,"author":"1","status":"publish","date":"2024-05-14 13:55:25","date_utc":"2024-05-14 11:55:25","modified":"2024-05-14 13:55:25","modified_utc":"2024-05-14 11:55:25","url":"https:\/\/formationsyndicale.cgt.fr\/?tribe_venue=centre-de-formation-syndicale-confederal-benoit-frachon","venue":"Centre de formation syndicale conf\u00e9d\u00e9ral Beno\u00eet Frachon","slug":"centre-de-formation-syndicale-confederal-benoit-frachon","address":"12 rue Fernand Leger","city":"Gif-sur-yvette","country":"France","province":"Essonne","zip":"91190","phone":"0169864000","website":"https:\/\/cbf.cgt.fr","stateprovince":"Essonne","json_ld":{"@type":"Place","name":"Centre de formation syndicale conf\u00e9d\u00e9ral Beno\u00eet Frachon","description":"","url":"","address":{"@type":"PostalAddress","streetAddress":"12 rue Fernand Leger","addressLocality":"Gif-sur-yvette","addressRegion":"Essonne","postalCode":"91190","addressCountry":"France"},"telephone":"0169864000","sameAs":"https:\/\/cbf.cgt.fr"},"show_map":true,"show_map_link":true,"global_id":"formationsyndicale.cgt.fr?id=14","global_id_lineage":["formationsyndicale.cgt.fr?id=14"]},"organizer":[{"id":629,"author":"3","status":"publish","date":"2024-12-10 16:10:14","date_utc":"2024-12-10 15:10:14","modified":"2025-11-17 15:13:04","modified_utc":"2025-11-17 14:13:04","url":"https:\/\/formationsyndicale.cgt.fr\/?tribe_organizer=espace-revendicatif-pole-dlaj","organizer":"Espace revendicatif &#8211; P\u00f4le DLAJ","slug":"espace-revendicatif-pole-dlaj","phone":"01 55 82 82 11","email":"dlaj@cgt.org","json_ld":{"@type":"Person","name":"Espace revendicatif &#8211; P\u00f4le DLAJ","description":"","url":"","telephone":"01 55 82 82 11","email":"&#100;l&#97;j&#64;&#99;&#103;&#116;.o&#114;g","sameAs":""},"global_id":"formationsyndicale.cgt.fr?id=629","global_id_lineage":["formationsyndicale.cgt.fr?id=629"]}],"custom_fields":[],"json_ld":{"@context":"http:\/\/schema.org","@type":"Event","name":"N\u00b0 1622\/2025 &#8211; Animatrice, animateur DLAJ","description":"&lt;p&gt;Public concern\u00e9 Ce stage est con\u00e7u en priorit\u00e9 pour les responsables (ou futurs responsables) DLAJ d\u2019UD et de f\u00e9d\u00e9rations qui peuvent elles-m\u00eames valider les candidatures de responsables DLAJ d\u2019autres organisations&hellip;&nbsp;&lt;a href=&quot;https:\/\/formationsyndicale.cgt.fr\/?tribe_events=n-1622-2025-animatrice-animateur-dlaj&quot; rel=&quot;bookmark&quot;&gt;&lt;span class=&quot;screen-reader-text&quot;&gt;N\u00b0 1622\/2025 &#8211; Animatrice, animateur DLAJ&lt;\/span&gt;&lt;\/a&gt;&lt;\/p&gt;\\n","url":"https:\/\/formationsyndicale.cgt.fr\/?tribe_events=n-1622-2025-animatrice-animateur-dlaj","eventAttendanceMode":"https:\/\/schema.org\/OfflineEventAttendanceMode","eventStatus":"https:\/\/schema.org\/EventScheduled","startDate":"2025-06-23T08:00:00+02:00","endDate":"2025-06-27T17:00:00+02:00","location":{"@type":"Place","name":"Centre de formation syndicale conf\u00e9d\u00e9ral Beno\u00eet Frachon","description":"","url":"","address":{"@type":"PostalAddress","streetAddress":"12 rue Fernand Leger","addressLocality":"Gif-sur-yvette","addressRegion":"Essonne","postalCode":"91190","addressCountry":"France"},"telephone":"0169864000","sameAs":"https:\/\/cbf.cgt.fr"},"organizer":{"@type":"Person","name":"Espace revendicatif &#8211; P\u00f4le DLAJ","description":"","url":"","telephone":"01 55 82 82 11","email":"&#100;&#108;&#97;j&#64;&#99;gt.or&#103;","sameAs":""},"performer":"Organization"}}