{"id":755,"global_id":"formationsyndicale.cgt.fr?id=755","global_id_lineage":["formationsyndicale.cgt.fr?id=755"],"author":"3","status":"publish","date":"2025-01-09 15:44:51","date_utc":"2025-01-09 14:44:51","modified":"2025-02-10 14:58:36","modified_utc":"2025-02-10 13:58:36","url":"https:\/\/formationsyndicale.cgt.fr\/?tribe_events=n0292-2025-lecture-politique-des-comptes-des-firmes-multinationales","rest_url":"https:\/\/formationsyndicale.cgt.fr\/index.php?rest_route=\/tribe\/events\/v1\/events\/755","title":"N\u00b00292\/2025 &#8211; Lecture politique des comptes des firmes multinationales","description":"<h4><span style=\"color: #003366;\">Public concern\u00e9<\/span><\/h4>\n<h5><span style=\"color: #003366;\">Le stage s\u2019adresse tout particuli\u00e8rement aux membres des Comit\u00e9s d\u2019Entreprise Europ\u00e9ens, des Comit\u00e9s<\/span><br \/>\n<span style=\"color: #003366;\">de groupe et des CSE centraux, ainsi qu\u2019aux administrateurs repr\u00e9sentant des salari\u00e9s si\u00e9geant au sein<\/span><br \/>\n<span style=\"color: #003366;\">des Conseils d\u2019administration d\u2019entreprises multinationales.<\/span><\/h5>\n<hr \/>\n<h4><span style=\"color: #003366;\">Objectifs de la formation<\/span><\/h4>\n<p><span style=\"color: #003366;\">Construire des rep\u00e8res syndicaux pour une lecture politique des comptes<\/span><br \/>\n<span style=\"color: #003366;\">Comprendre la globalisation financi\u00e8re en partant de l\u2019analyse de l\u2019entreprise et plus sp\u00e9cifiquement des<\/span><br \/>\n<span style=\"color: #003366;\">donn\u00e9es comptables consolid\u00e9es des groupes d\u2019entreprises multinationaux.<\/span><br \/>\n<span style=\"color: #003366;\">D\u00e9velopper la r\u00e9flexion sur les outils d\u2019action pour construire la solidarit\u00e9 internationale.<\/span><\/p>\n<hr \/>\n<p><a href=\"https:\/\/formationsyndicale.cgt.fr\/wp-content\/uploads\/2025\/01\/FD-Lecture-des-comptes-mars-2025.pdf\">FD Lecture des comptes mars 2025<\/a><\/p>\n<p><a href=\"https:\/\/formationsyndicale.cgt.fr\/wp-content\/uploads\/2025\/01\/FC-Lecture-des-comptes-mars-2025.pdf\">FC Lecture des comptes mars 2025<\/a><\/p>","excerpt":"","slug":"n0292-2025-lecture-politique-des-comptes-des-firmes-multinationales","image":false,"all_day":false,"start_date":"2025-03-31 09:00:00","start_date_details":{"year":"2025","month":"03","day":"31","hour":"09","minutes":"00","seconds":"00"},"end_date":"2025-04-02 17:30:00","end_date_details":{"year":"2025","month":"04","day":"02","hour":"17","minutes":"30","seconds":"00"},"utc_start_date":"2025-03-31 07:00:00","utc_start_date_details":{"year":"2025","month":"03","day":"31","hour":"07","minutes":"00","seconds":"00"},"utc_end_date":"2025-04-02 15:30:00","utc_end_date_details":{"year":"2025","month":"04","day":"02","hour":"15","minutes":"30","seconds":"00"},"timezone":"Europe\/Paris","timezone_abbr":"CEST","cost":"","cost_details":{"currency_symbol":"\u20ac","currency_code":"EUR","currency_position":"suffix","values":[]},"website":"","show_map":true,"show_map_link":true,"hide_from_listings":false,"sticky":false,"featured":false,"categories":[{"name":"Outiller \u00e0 la responsabilit\u00e9","slug":"outiller-responsabilite","term_group":0,"term_taxonomy_id":40,"taxonomy":"tribe_events_cat","description":"","parent":0,"count":26,"filter":"raw","id":40,"urls":{"self":"https:\/\/formationsyndicale.cgt.fr\/index.php?rest_route=\/tribe\/events\/v1\/categories\/40","collection":"https:\/\/formationsyndicale.cgt.fr\/index.php?rest_route=\/tribe\/events\/v1\/categories"}}],"tags":[],"venue":{"id":122,"author":"2","status":"publish","date":"2024-08-28 13:08:20","date_utc":"2024-08-28 11:08:20","modified":"2024-08-28 13:08:20","modified_utc":"2024-08-28 11:08:20","url":"https:\/\/formationsyndicale.cgt.fr\/?tribe_venue=isst-bourg-la-reine","venue":"ISST Bourg-la-Reine","description":"<p><a title=\"Universit\u00e9 Paris 1 Panth\u00e9on-Sorbonne\" href=\"https:\/\/www.pantheonsorbonne.fr\" target=\"_blank\" rel=\"noopener noreferrer\">Universit\u00e9 Paris 1 Panth\u00e9on-Sorbonne<\/a><\/p>\n<p>Nos missions : former les militants syndicaux et de compl\u00e9ter leur exp\u00e9rience par un enseignement de niveau universitaire<\/p>\n<menu id=\"fcltHTML5Menu1\" type=\"context\"><\/menu>","slug":"isst-bourg-la-reine","address":"16, boulevard Carnot","city":"Bourg-la-Reine","country":"France","province":"\u00cele-de-France","zip":"92340","phone":"+33179419000","website":"https:\/\/isst.pantheonsorbonne.fr\/","stateprovince":"\u00cele-de-France","json_ld":{"@type":"Place","name":"ISST Bourg-la-Reine","description":"&lt;p&gt;Universit\u00e9 Paris 1 Panth\u00e9on-Sorbonne Nos missions : former les militants syndicaux et de compl\u00e9ter leur exp\u00e9rience par un enseignement de niveau universitaire&lt;\/p&gt;\\n","url":"","address":{"@type":"PostalAddress","streetAddress":"16, boulevard Carnot","addressLocality":"Bourg-la-Reine","addressRegion":"\u00cele-de-France","postalCode":"92340","addressCountry":"France"},"telephone":"+33179419000","sameAs":"https:\/\/isst.pantheonsorbonne.fr\/"},"show_map":true,"show_map_link":true,"global_id":"formationsyndicale.cgt.fr?id=122","global_id_lineage":["formationsyndicale.cgt.fr?id=122"]},"organizer":[{"id":637,"author":"3","status":"publish","date":"2024-12-11 09:29:13","date_utc":"2024-12-11 08:29:13","modified":"2025-11-17 15:12:16","modified_utc":"2025-11-17 14:12:16","url":"https:\/\/formationsyndicale.cgt.fr\/?tribe_organizer=espace-europe-international","organizer":"Espace Europe International","slug":"espace-europe-international","phone":"01 55 82 82 90","website":"http:\/\/www.cgt.fr","email":"europinter@cgt.org","json_ld":{"@type":"Person","name":"Espace Europe International","description":"","url":"http:\/\/www.cgt.fr","telephone":"01 55 82 82 90","email":"euro&#112;int&#101;r&#64;&#99;g&#116;&#46;org","sameAs":"http:\/\/www.cgt.fr"},"global_id":"formationsyndicale.cgt.fr?id=637","global_id_lineage":["formationsyndicale.cgt.fr?id=637"]}],"custom_fields":[],"json_ld":{"@context":"http:\/\/schema.org","@type":"Event","name":"N\u00b00292\/2025 &#8211; Lecture politique des comptes des firmes multinationales","description":"&lt;p&gt;Public concern\u00e9 Le stage s\u2019adresse tout particuli\u00e8rement aux membres des Comit\u00e9s d\u2019Entreprise Europ\u00e9ens, des Comit\u00e9s de groupe et des CSE centraux, ainsi qu\u2019aux administrateurs repr\u00e9sentant des salari\u00e9s si\u00e9geant au sein&hellip;&nbsp;&lt;a href=&quot;https:\/\/formationsyndicale.cgt.fr\/?tribe_events=n0292-2025-lecture-politique-des-comptes-des-firmes-multinationales&quot; rel=&quot;bookmark&quot;&gt;&lt;span class=&quot;screen-reader-text&quot;&gt;N\u00b00292\/2025 &#8211; Lecture politique des comptes des firmes multinationales&lt;\/span&gt;&lt;\/a&gt;&lt;\/p&gt;\\n","url":"https:\/\/formationsyndicale.cgt.fr\/?tribe_events=n0292-2025-lecture-politique-des-comptes-des-firmes-multinationales","eventAttendanceMode":"https:\/\/schema.org\/OfflineEventAttendanceMode","eventStatus":"https:\/\/schema.org\/EventScheduled","startDate":"2025-03-31T09:00:00+02:00","endDate":"2025-04-02T17:30:00+02:00","location":{"@type":"Place","name":"ISST Bourg-la-Reine","description":"&lt;p&gt;Universit\u00e9 Paris 1 Panth\u00e9on-Sorbonne Nos missions : former les militants syndicaux et de compl\u00e9ter leur exp\u00e9rience par un enseignement de niveau universitaire&lt;\/p&gt;\\n","url":"","address":{"@type":"PostalAddress","streetAddress":"16, boulevard Carnot","addressLocality":"Bourg-la-Reine","addressRegion":"\u00cele-de-France","postalCode":"92340","addressCountry":"France"},"telephone":"+33179419000","sameAs":"https:\/\/isst.pantheonsorbonne.fr\/"},"organizer":{"@type":"Person","name":"Espace Europe International","description":"","url":"http:\/\/www.cgt.fr","telephone":"01 55 82 82 90","email":"e&#117;ro&#112;int&#101;r&#64;&#99;&#103;t&#46;o&#114;&#103;","sameAs":"http:\/\/www.cgt.fr"},"performer":"Organization"}}