{"id":743,"global_id":"formationsyndicale.cgt.fr?id=743","global_id_lineage":["formationsyndicale.cgt.fr?id=743"],"author":"3","status":"publish","date":"2025-01-03 11:30:50","date_utc":"2025-01-03 10:30:50","modified":"2025-01-03 11:32:20","modified_utc":"2025-01-03 10:32:20","url":"https:\/\/formationsyndicale.cgt.fr\/?tribe_events=n0280-2025-relation-clients-banque","rest_url":"https:\/\/formationsyndicale.cgt.fr\/index.php?rest_route=\/tribe\/events\/v1\/events\/743","title":"N\u00b00280\/2025 &#8211; Relation clients &#8211; banque","description":"","excerpt":"","slug":"n0280-2025-relation-clients-banque","image":false,"all_day":false,"start_date":"2025-06-16 08:00:00","start_date_details":{"year":"2025","month":"06","day":"16","hour":"08","minutes":"00","seconds":"00"},"end_date":"2025-06-20 17:00:00","end_date_details":{"year":"2025","month":"06","day":"20","hour":"17","minutes":"00","seconds":"00"},"utc_start_date":"2025-06-16 06:00:00","utc_start_date_details":{"year":"2025","month":"06","day":"16","hour":"06","minutes":"00","seconds":"00"},"utc_end_date":"2025-06-20 15:00:00","utc_end_date_details":{"year":"2025","month":"06","day":"20","hour":"15","minutes":"00","seconds":"00"},"timezone":"Europe\/Paris","timezone_abbr":"CEST","cost":"","cost_details":{"currency_symbol":"\u20ac","currency_code":"EUR","currency_position":"suffix","values":[]},"website":"","show_map":true,"show_map_link":true,"hide_from_listings":false,"sticky":false,"featured":false,"categories":[],"tags":[],"venue":{"id":14,"author":"1","status":"publish","date":"2024-05-14 13:55:25","date_utc":"2024-05-14 11:55:25","modified":"2024-05-14 13:55:25","modified_utc":"2024-05-14 11:55:25","url":"https:\/\/formationsyndicale.cgt.fr\/?tribe_venue=centre-de-formation-syndicale-confederal-benoit-frachon","venue":"Centre de formation syndicale conf\u00e9d\u00e9ral Beno\u00eet Frachon","slug":"centre-de-formation-syndicale-confederal-benoit-frachon","address":"12 rue Fernand Leger","city":"Gif-sur-yvette","country":"France","province":"Essonne","zip":"91190","phone":"0169864000","website":"https:\/\/cbf.cgt.fr","stateprovince":"Essonne","json_ld":{"@type":"Place","name":"Centre de formation syndicale conf\u00e9d\u00e9ral Beno\u00eet Frachon","description":"","url":"","address":{"@type":"PostalAddress","streetAddress":"12 rue Fernand Leger","addressLocality":"Gif-sur-yvette","addressRegion":"Essonne","postalCode":"91190","addressCountry":"France"},"telephone":"0169864000","sameAs":"https:\/\/cbf.cgt.fr"},"show_map":true,"show_map_link":true,"global_id":"formationsyndicale.cgt.fr?id=14","global_id_lineage":["formationsyndicale.cgt.fr?id=14"]},"organizer":[{"id":117,"author":"2","status":"publish","date":"2024-08-28 13:01:17","date_utc":"2024-08-28 11:01:17","modified":"2025-11-17 15:24:26","modified_utc":"2025-11-17 14:24:26","url":"https:\/\/formationsyndicale.cgt.fr\/?tribe_organizer=indecosa","organizer":"Activit\u00e9s conf\u00e9d\u00e9rales &#8211; Indecosa","description":"<p>Indecosa CGT national<\/p>\n<p>Association pour l\u2019<strong>IN<\/strong>formation et la\u00a0<strong>DE<\/strong>fense des\u00a0<strong>CO<\/strong>nsommateurs\u00a0<strong>SA<\/strong>lari\u00e9s<\/p>\n<p>263, rue de Paris<\/p>\n<p>Case 1-1<\/p>\n<p>93516 Montreuil Cedex<\/p>\n<menu id=\"fcltHTML5Menu1\" type=\"context\"><\/menu>","slug":"indecosa","phone":"01 55 82 84 05","website":"http:\/\/www.indecosa.cgt.fr\/","email":"indecosa@cgt.org","json_ld":{"@type":"Person","name":"Activit\u00e9s conf\u00e9d\u00e9rales &#8211; Indecosa","description":"&lt;p&gt;Indecosa CGT national Association pour l\u2019INformation et la\u00a0DEfense des\u00a0COnsommateurs\u00a0SAlari\u00e9s 263, rue de Paris Case 1-1 93516 Montreuil Cedex&lt;\/p&gt;\\n","url":"http:\/\/www.indecosa.cgt.fr\/","telephone":"01 55 82 84 05","email":"ind&#101;&#99;&#111;sa&#64;&#99;&#103;t&#46;o&#114;g","sameAs":"http:\/\/www.indecosa.cgt.fr\/"},"global_id":"formationsyndicale.cgt.fr?id=117","global_id_lineage":["formationsyndicale.cgt.fr?id=117"]}],"custom_fields":[],"json_ld":{"@context":"http:\/\/schema.org","@type":"Event","name":"N\u00b00280\/2025 &#8211; Relation clients &#8211; banque","description":"","url":"https:\/\/formationsyndicale.cgt.fr\/?tribe_events=n0280-2025-relation-clients-banque","eventAttendanceMode":"https:\/\/schema.org\/OfflineEventAttendanceMode","eventStatus":"https:\/\/schema.org\/EventScheduled","startDate":"2025-06-16T08:00:00+02:00","endDate":"2025-06-20T17:00:00+02:00","location":{"@type":"Place","name":"Centre de formation syndicale conf\u00e9d\u00e9ral Beno\u00eet Frachon","description":"","url":"","address":{"@type":"PostalAddress","streetAddress":"12 rue Fernand Leger","addressLocality":"Gif-sur-yvette","addressRegion":"Essonne","postalCode":"91190","addressCountry":"France"},"telephone":"0169864000","sameAs":"https:\/\/cbf.cgt.fr"},"organizer":{"@type":"Person","name":"Activit\u00e9s conf\u00e9d\u00e9rales &#8211; Indecosa","description":"&lt;p&gt;Indecosa CGT national Association pour l\u2019INformation et la\u00a0DEfense des\u00a0COnsommateurs\u00a0SAlari\u00e9s 263, rue de Paris Case 1-1 93516 Montreuil Cedex&lt;\/p&gt;\\n","url":"http:\/\/www.indecosa.cgt.fr\/","telephone":"01 55 82 84 05","email":"i&#110;&#100;&#101;&#99;&#111;&#115;&#97;&#64;&#99;g&#116;.&#111;r&#103;","sameAs":"http:\/\/www.indecosa.cgt.fr\/"},"performer":"Organization"}}