{"id":697,"global_id":"formationsyndicale.cgt.fr?id=697","global_id_lineage":["formationsyndicale.cgt.fr?id=697"],"author":"3","status":"publish","date":"2024-12-20 11:33:03","date_utc":"2024-12-20 10:33:03","modified":"2025-06-27 11:30:21","modified_utc":"2025-06-27 09:30:21","url":"https:\/\/formationsyndicale.cgt.fr\/?tribe_events=n0195-2025-elu%c2%b7e%c2%b7s-et-mandate%c2%b7e%c2%b7s-dans-la-formation-professsionnelle-en-entreprise","rest_url":"https:\/\/formationsyndicale.cgt.fr\/index.php?rest_route=\/tribe\/events\/v1\/events\/697","title":"N\u00b00195\/2025 &#8211; \u00c9lu\u00b7e\u00b7s et mandat\u00e9\u00b7e\u00b7s dans les instances de la formation professionnelle","description":"<h4><span style=\"color: #003366;\">Population syndicale concern\u00e9e :<\/span><\/h4>\n<h5><span style=\"color: #003366;\">Elu\u00b7es et mandat\u00e9\u00b7es dans les instances de la formation professionnelle et \u00e0 l\u2019apprentissage (Opco, ATPro, SPP, CPNEFP, CREFOP, CESER, CPC, etc.)<\/span><\/h5>\n<hr \/>\n<h4><span style=\"color: #003366;\">Objectifs de la formation :<\/span><\/h4>\n<h5><span style=\"color: #003366;\">A l\u2019issue de la formation, les stagiaires auront la capacit\u00e9 de porter les revendications de la CGT dans les instances de la formation professionnelle, de peser dans les prises de d\u00e9cision et de travailler en r\u00e9seau avec les organisations de la CGT.<\/span><\/h5>\n<hr \/>\n<h5><a href=\"https:\/\/formationsyndicale.cgt.fr\/wp-content\/uploads\/2024\/12\/FD-Elue.e.s-et-mandate.e.s-dans-la-FP.docx\">FD Elue.e.s et mandat\u00e9.e.s dans la FP<\/a><\/h5>\n<h5><a href=\"https:\/\/formationsyndicale.cgt.fr\/wp-content\/uploads\/2024\/12\/FC-Elue.es-et-mandate.es-dans-la-FP.docx\">FC Elue.es et mandate\u0301.es dans la FP<\/a><\/h5>\n<h5><\/h5>","excerpt":"","slug":"n0195-2025-elu%c2%b7e%c2%b7s-et-mandate%c2%b7e%c2%b7s-dans-la-formation-professsionnelle-en-entreprise","image":false,"all_day":false,"start_date":"2025-09-22 08:00:00","start_date_details":{"year":"2025","month":"09","day":"22","hour":"08","minutes":"00","seconds":"00"},"end_date":"2025-09-26 17:00:00","end_date_details":{"year":"2025","month":"09","day":"26","hour":"17","minutes":"00","seconds":"00"},"utc_start_date":"2025-09-22 06:00:00","utc_start_date_details":{"year":"2025","month":"09","day":"22","hour":"06","minutes":"00","seconds":"00"},"utc_end_date":"2025-09-26 15:00:00","utc_end_date_details":{"year":"2025","month":"09","day":"26","hour":"15","minutes":"00","seconds":"00"},"timezone":"Europe\/Paris","timezone_abbr":"CEST","cost":"","cost_details":{"currency_symbol":"\u20ac","currency_code":"EUR","currency_position":"suffix","values":[]},"website":"","show_map":true,"show_map_link":true,"hide_from_listings":false,"sticky":false,"featured":false,"categories":[],"tags":[],"venue":{"id":14,"author":"1","status":"publish","date":"2024-05-14 13:55:25","date_utc":"2024-05-14 11:55:25","modified":"2024-05-14 13:55:25","modified_utc":"2024-05-14 11:55:25","url":"https:\/\/formationsyndicale.cgt.fr\/?tribe_venue=centre-de-formation-syndicale-confederal-benoit-frachon","venue":"Centre de formation syndicale conf\u00e9d\u00e9ral Beno\u00eet Frachon","slug":"centre-de-formation-syndicale-confederal-benoit-frachon","address":"12 rue Fernand Leger","city":"Gif-sur-yvette","country":"France","province":"Essonne","zip":"91190","phone":"0169864000","website":"https:\/\/cbf.cgt.fr","stateprovince":"Essonne","json_ld":{"@type":"Place","name":"Centre de formation syndicale conf\u00e9d\u00e9ral Beno\u00eet Frachon","description":"","url":"","address":{"@type":"PostalAddress","streetAddress":"12 rue Fernand Leger","addressLocality":"Gif-sur-yvette","addressRegion":"Essonne","postalCode":"91190","addressCountry":"France"},"telephone":"0169864000","sameAs":"https:\/\/cbf.cgt.fr"},"show_map":true,"show_map_link":true,"global_id":"formationsyndicale.cgt.fr?id=14","global_id_lineage":["formationsyndicale.cgt.fr?id=14"]},"organizer":[{"id":186,"author":"3","status":"publish","date":"2024-10-24 09:56:03","date_utc":"0000-00-00 00:00:00","modified":"2024-10-24 09:56:03","modified_utc":"0000-00-00 00:00:00","url":"https:\/\/formationsyndicale.cgt.fr\/?tribe_organizer=espace-revendicatif-pole-emploi-garanties-collectives","organizer":"Espace revendicatif &#8211; P\u00f4le emploi \/ Garanties collectives","slug":"espace-revendicatif-pole-emploi-garanties-collectives","json_ld":{"@type":"Person","name":"Espace revendicatif &#8211; P\u00f4le emploi \/ Garanties collectives","description":"","url":"","telephone":"","email":"","sameAs":""},"global_id":"formationsyndicale.cgt.fr?id=186","global_id_lineage":["formationsyndicale.cgt.fr?id=186"]}],"custom_fields":[],"json_ld":{"@context":"http:\/\/schema.org","@type":"Event","name":"N\u00b00195\/2025 &#8211; \u00c9lu\u00b7e\u00b7s et mandat\u00e9\u00b7e\u00b7s dans les instances de la formation professionnelle","description":"&lt;p&gt;Population syndicale concern\u00e9e : Elu\u00b7es et mandat\u00e9\u00b7es dans les instances de la formation professionnelle et \u00e0 l\u2019apprentissage (Opco, ATPro, SPP, CPNEFP, CREFOP, CESER, CPC, etc.) Objectifs de la formation :&hellip;&nbsp;&lt;a href=&quot;https:\/\/formationsyndicale.cgt.fr\/?tribe_events=n0195-2025-elu%c2%b7e%c2%b7s-et-mandate%c2%b7e%c2%b7s-dans-la-formation-professsionnelle-en-entreprise&quot; rel=&quot;bookmark&quot;&gt;&lt;span class=&quot;screen-reader-text&quot;&gt;N\u00b00195\/2025 &#8211; \u00c9lu\u00b7e\u00b7s et mandat\u00e9\u00b7e\u00b7s dans les instances de la formation professionnelle&lt;\/span&gt;&lt;\/a&gt;&lt;\/p&gt;\\n","url":"https:\/\/formationsyndicale.cgt.fr\/?tribe_events=n0195-2025-elu%c2%b7e%c2%b7s-et-mandate%c2%b7e%c2%b7s-dans-la-formation-professsionnelle-en-entreprise","eventAttendanceMode":"https:\/\/schema.org\/OfflineEventAttendanceMode","eventStatus":"https:\/\/schema.org\/EventScheduled","startDate":"2025-09-22T08:00:00+02:00","endDate":"2025-09-26T17:00:00+02:00","location":{"@type":"Place","name":"Centre de formation syndicale conf\u00e9d\u00e9ral Beno\u00eet Frachon","description":"","url":"","address":{"@type":"PostalAddress","streetAddress":"12 rue Fernand Leger","addressLocality":"Gif-sur-yvette","addressRegion":"Essonne","postalCode":"91190","addressCountry":"France"},"telephone":"0169864000","sameAs":"https:\/\/cbf.cgt.fr"},"organizer":{"@type":"Person","name":"Espace revendicatif &#8211; P\u00f4le emploi \/ Garanties collectives","description":"","url":"","telephone":"","email":"","sameAs":""},"performer":"Organization"}}