{"id":691,"global_id":"formationsyndicale.cgt.fr?id=691","global_id_lineage":["formationsyndicale.cgt.fr?id=691"],"author":"3","status":"publish","date":"2024-12-20 11:18:40","date_utc":"2024-12-20 10:18:40","modified":"2024-12-20 11:18:40","modified_utc":"2024-12-20 10:18:40","url":"https:\/\/formationsyndicale.cgt.fr\/?tribe_events=n0193-2025-actualite-de-la-formation-professionnelle-continue-comment-reprendre-la-main","rest_url":"https:\/\/formationsyndicale.cgt.fr\/index.php?rest_route=\/tribe\/events\/v1\/events\/691","title":"N\u00b00193\/2025 &#8211; Actualit\u00e9 de la formation professionnelle continue : comment reprendre la main ?","description":"<h4><span style=\"color: #003366;\">Public cibl\u00e9<\/span><\/h4>\n<h5><span style=\"color: #003366;\">Animatrices ou animateurs ou membres des collectifs DLAJ dans les territoires et F\u00e9d\u00e9rations.<\/span><\/h5>\n<p>&nbsp;<\/p>","excerpt":"","slug":"n0193-2025-actualite-de-la-formation-professionnelle-continue-comment-reprendre-la-main","image":false,"all_day":false,"start_date":"2025-06-10 08:00:00","start_date_details":{"year":"2025","month":"06","day":"10","hour":"08","minutes":"00","seconds":"00"},"end_date":"2025-06-13 17:00:00","end_date_details":{"year":"2025","month":"06","day":"13","hour":"17","minutes":"00","seconds":"00"},"utc_start_date":"2025-06-10 06:00:00","utc_start_date_details":{"year":"2025","month":"06","day":"10","hour":"06","minutes":"00","seconds":"00"},"utc_end_date":"2025-06-13 15:00:00","utc_end_date_details":{"year":"2025","month":"06","day":"13","hour":"15","minutes":"00","seconds":"00"},"timezone":"Europe\/Paris","timezone_abbr":"CEST","cost":"","cost_details":{"currency_symbol":"\u20ac","currency_code":"EUR","currency_position":"suffix","values":[]},"website":"","show_map":true,"show_map_link":true,"hide_from_listings":false,"sticky":false,"featured":false,"categories":[],"tags":[],"venue":{"id":125,"author":"2","status":"publish","date":"2024-08-28 13:13:24","date_utc":"2024-08-28 11:13:24","modified":"2024-08-28 13:13:24","modified_utc":"2024-08-28 11:13:24","url":"https:\/\/formationsyndicale.cgt.fr\/?tribe_venue=institut-du-travail-universite-de-strasbourg","venue":"Institut du travail, Universit\u00e9 de Strasbourg","description":"<p>L\u2019Institut du travail de Strasbourg appartient au r\u00e9seau national des Instituts du travail.<\/p>","slug":"institut-du-travail-universite-de-strasbourg","address":"39 avenue de la For\u00eat Noire","city":"Strasbourg","country":"France","province":"Alsace","zip":"67000","phone":"+33368858700","website":"https:\/\/idt.unistra.fr\/","stateprovince":"Alsace","json_ld":{"@type":"Place","name":"Institut du travail, Universit\u00e9 de Strasbourg","description":"&lt;p&gt;L\u2019Institut du travail de Strasbourg appartient au r\u00e9seau national des Instituts du travail.&lt;\/p&gt;\\n","url":"","address":{"@type":"PostalAddress","streetAddress":"39 avenue de la For\u00eat Noire","addressLocality":"Strasbourg","addressRegion":"Alsace","postalCode":"67000","addressCountry":"France"},"telephone":"+33368858700","sameAs":"https:\/\/idt.unistra.fr\/"},"show_map":true,"show_map_link":true,"global_id":"formationsyndicale.cgt.fr?id=125","global_id_lineage":["formationsyndicale.cgt.fr?id=125"]},"organizer":[{"id":186,"author":"3","status":"publish","date":"2024-10-24 09:56:03","date_utc":"0000-00-00 00:00:00","modified":"2024-10-24 09:56:03","modified_utc":"0000-00-00 00:00:00","url":"https:\/\/formationsyndicale.cgt.fr\/?tribe_organizer=espace-revendicatif-pole-emploi-garanties-collectives","organizer":"Espace revendicatif &#8211; P\u00f4le emploi \/ Garanties collectives","slug":"espace-revendicatif-pole-emploi-garanties-collectives","json_ld":{"@type":"Person","name":"Espace revendicatif &#8211; P\u00f4le emploi \/ Garanties collectives","description":"","url":"","telephone":"","email":"","sameAs":""},"global_id":"formationsyndicale.cgt.fr?id=186","global_id_lineage":["formationsyndicale.cgt.fr?id=186"]}],"custom_fields":[],"json_ld":{"@context":"http:\/\/schema.org","@type":"Event","name":"N\u00b00193\/2025 &#8211; Actualit\u00e9 de la formation professionnelle continue : comment reprendre la main ?","description":"&lt;p&gt;Public cibl\u00e9 Animatrices ou animateurs ou membres des collectifs DLAJ dans les territoires et F\u00e9d\u00e9rations. &nbsp;&lt;\/p&gt;\\n","url":"https:\/\/formationsyndicale.cgt.fr\/?tribe_events=n0193-2025-actualite-de-la-formation-professionnelle-continue-comment-reprendre-la-main","eventAttendanceMode":"https:\/\/schema.org\/OfflineEventAttendanceMode","eventStatus":"https:\/\/schema.org\/EventScheduled","startDate":"2025-06-10T08:00:00+02:00","endDate":"2025-06-13T17:00:00+02:00","location":{"@type":"Place","name":"Institut du travail, Universit\u00e9 de Strasbourg","description":"&lt;p&gt;L\u2019Institut du travail de Strasbourg appartient au r\u00e9seau national des Instituts du travail.&lt;\/p&gt;\\n","url":"","address":{"@type":"PostalAddress","streetAddress":"39 avenue de la For\u00eat Noire","addressLocality":"Strasbourg","addressRegion":"Alsace","postalCode":"67000","addressCountry":"France"},"telephone":"+33368858700","sameAs":"https:\/\/idt.unistra.fr\/"},"organizer":{"@type":"Person","name":"Espace revendicatif &#8211; P\u00f4le emploi \/ Garanties collectives","description":"","url":"","telephone":"","email":"","sameAs":""},"performer":"Organization"}}