{"id":680,"global_id":"formationsyndicale.cgt.fr?id=680","global_id_lineage":["formationsyndicale.cgt.fr?id=680"],"author":"3","status":"publish","date":"2024-12-11 11:23:09","date_utc":"2024-12-11 10:23:09","modified":"2024-12-27 09:18:51","modified_utc":"2024-12-27 08:18:51","url":"https:\/\/formationsyndicale.cgt.fr\/?tribe_events=n0273-2025-referent%c2%b7e%c2%b7s-violences-sexistes-et-sexuelles-au-travail","rest_url":"https:\/\/formationsyndicale.cgt.fr\/index.php?rest_route=\/tribe\/events\/v1\/events\/680","title":"N\u00b00273\/2025 &#8211; R\u00e9f\u00e9rent\u00b7e\u00b7s Violences sexistes et sexuelles au travail","description":"<h4><strong><span style=\"color: #003366;\">Public vis\u00e9<\/span> <\/strong><\/h4>\n<h5><span style=\"color: #003366;\">Le stage s\u2019adresse aux syndicalistes du 2<sup>e<\/sup> et 3<sup>e<\/sup> coll\u00e8ges (cat\u00e9gories A et B).<\/span><\/h5>\n<h5><span style=\"color: #003366;\">\u00c9lu\u00b7es au CSE ou r\u00e9f\u00e9rent\u00b7es en mati\u00e8re de lutte contre le harc\u00e8lement sexuel et les agissements sexistes.<\/span><\/h5>\n<hr \/>\n<h4><span style=\"color: #003366;\"><strong>Objectifs de la formation<\/strong><\/span><\/h4>\n<h5><span style=\"color: #003366;\">\u00c0 la fin de la formation les stagiaires sauront identifier les missions des r\u00e9f\u00e9rent\u00b7es VSST dans l\u2019organisation du travail.<\/span><\/h5>\n<h5><span style=\"color: #003366;\">Accueillir, \u00e9couter, accompagner les victimes.<\/span><\/h5>\n<h5><span style=\"color: #003366;\">Mener une enqu\u00eate suite \u00e0 un signalement.<\/span><\/h5>\n<h5><span style=\"color: #003366;\">Mener des campagnes de pr\u00e9vention sur les VSST.<\/span><\/h5>\n<hr \/>\n<h4><span style=\"color: #003366;\"><strong>Pr\u00e9requis<\/strong><\/span><\/h4>\n<h5><span style=\"color: #003366;\">Participer \u00e0 la vie de la CGT\/3 modules ou Niveau 1 et formation \u00ab Combattre les violences sexistes et sexuelles au travail \u00bb.<\/span><\/h5>\n<hr \/>\n<h4><span style=\"color: #003366;\"><strong>Dur\u00e9e de la formation<\/strong><\/span><\/h4>\n<h5><span style=\"color: #003366;\"><strong>3 jours<\/strong> &#8211; Centre de formation Beno\u00eet Frachon, Courcelle (91)<\/span><\/h5>\n<hr \/>\n<h4><span style=\"color: #003366;\"><strong>Nombre de stagiaires : 12<\/strong><\/span><\/h4>\n<hr \/>\n<h4><span style=\"color: #003366;\">Pour vous inscrire : <\/span><a href=\"https:\/\/ugictcgt.typeform.com\/to\/UHxEa8\" target=\"_blank\" rel=\"noopener\">remplir le formulaire<\/a><\/h4>","excerpt":"","slug":"n0273-2025-referent%c2%b7e%c2%b7s-violences-sexistes-et-sexuelles-au-travail","image":false,"all_day":false,"start_date":"2025-05-19 08:30:00","start_date_details":{"year":"2025","month":"05","day":"19","hour":"08","minutes":"30","seconds":"00"},"end_date":"2025-05-21 17:00:00","end_date_details":{"year":"2025","month":"05","day":"21","hour":"17","minutes":"00","seconds":"00"},"utc_start_date":"2025-05-19 06:30:00","utc_start_date_details":{"year":"2025","month":"05","day":"19","hour":"06","minutes":"30","seconds":"00"},"utc_end_date":"2025-05-21 15:00:00","utc_end_date_details":{"year":"2025","month":"05","day":"21","hour":"15","minutes":"00","seconds":"00"},"timezone":"Europe\/Paris","timezone_abbr":"CEST","cost":"","cost_details":{"currency_symbol":"\u20ac","currency_code":"EUR","currency_position":"suffix","values":[]},"website":"www.ugictcgt.fr","show_map":true,"show_map_link":true,"hide_from_listings":false,"sticky":false,"featured":false,"categories":[{"name":"\u00catre acteur toute sa vie","slug":"etre-acteur","term_group":0,"term_taxonomy_id":38,"taxonomy":"tribe_events_cat","description":"","parent":0,"count":27,"filter":"raw","id":38,"urls":{"self":"https:\/\/formationsyndicale.cgt.fr\/index.php?rest_route=\/tribe\/events\/v1\/categories\/38","collection":"https:\/\/formationsyndicale.cgt.fr\/index.php?rest_route=\/tribe\/events\/v1\/categories"}},{"name":"Outiller \u00e0 la responsabilit\u00e9","slug":"outiller-responsabilite","term_group":0,"term_taxonomy_id":40,"taxonomy":"tribe_events_cat","description":"","parent":0,"count":26,"filter":"raw","id":40,"urls":{"self":"https:\/\/formationsyndicale.cgt.fr\/index.php?rest_route=\/tribe\/events\/v1\/categories\/40","collection":"https:\/\/formationsyndicale.cgt.fr\/index.php?rest_route=\/tribe\/events\/v1\/categories"}}],"tags":[],"venue":{"id":14,"author":"1","status":"publish","date":"2024-05-14 13:55:25","date_utc":"2024-05-14 11:55:25","modified":"2024-05-14 13:55:25","modified_utc":"2024-05-14 11:55:25","url":"https:\/\/formationsyndicale.cgt.fr\/?tribe_venue=centre-de-formation-syndicale-confederal-benoit-frachon","venue":"Centre de formation syndicale conf\u00e9d\u00e9ral Beno\u00eet Frachon","slug":"centre-de-formation-syndicale-confederal-benoit-frachon","address":"12 rue Fernand Leger","city":"Gif-sur-yvette","country":"France","province":"Essonne","zip":"91190","phone":"0169864000","website":"https:\/\/cbf.cgt.fr","stateprovince":"Essonne","json_ld":{"@type":"Place","name":"Centre de formation syndicale conf\u00e9d\u00e9ral Beno\u00eet Frachon","description":"","url":"","address":{"@type":"PostalAddress","streetAddress":"12 rue Fernand Leger","addressLocality":"Gif-sur-yvette","addressRegion":"Essonne","postalCode":"91190","addressCountry":"France"},"telephone":"0169864000","sameAs":"https:\/\/cbf.cgt.fr"},"show_map":true,"show_map_link":true,"global_id":"formationsyndicale.cgt.fr?id=14","global_id_lineage":["formationsyndicale.cgt.fr?id=14"]},"organizer":[{"id":262,"author":"3","status":"publish","date":"2024-10-30 11:58:16","date_utc":"2024-10-30 10:58:16","modified":"2025-11-17 15:16:09","modified_utc":"2025-11-17 14:16:09","url":"https:\/\/formationsyndicale.cgt.fr\/?tribe_organizer=activites-confederales-ugict","organizer":"Activit\u00e9s conf\u00e9d\u00e9rales &#8211; UGICT","slug":"activites-confederales-ugict","phone":"01 55 82 83 40","website":"https:\/\/ugictcgt.fr\/formation-syndicale\/","email":"ugict@cgt.org","json_ld":{"@type":"Person","name":"Activit\u00e9s conf\u00e9d\u00e9rales &#8211; UGICT","description":"","url":"https:\/\/ugictcgt.fr\/formation-syndicale\/","telephone":"01 55 82 83 40","email":"u&#103;ic&#116;&#64;&#99;gt&#46;&#111;rg","sameAs":"https:\/\/ugictcgt.fr\/formation-syndicale\/"},"global_id":"formationsyndicale.cgt.fr?id=262","global_id_lineage":["formationsyndicale.cgt.fr?id=262"]}],"custom_fields":[],"json_ld":{"@context":"http:\/\/schema.org","@type":"Event","name":"N\u00b00273\/2025 &#8211; R\u00e9f\u00e9rent\u00b7e\u00b7s Violences sexistes et sexuelles au travail","description":"&lt;p&gt;Public vis\u00e9 Le stage s\u2019adresse aux syndicalistes du 2e et 3e coll\u00e8ges (cat\u00e9gories A et B). \u00c9lu\u00b7es au CSE ou r\u00e9f\u00e9rent\u00b7es en mati\u00e8re de lutte contre le harc\u00e8lement sexuel et&hellip;&nbsp;&lt;a href=&quot;https:\/\/formationsyndicale.cgt.fr\/?tribe_events=n0273-2025-referent%c2%b7e%c2%b7s-violences-sexistes-et-sexuelles-au-travail&quot; rel=&quot;bookmark&quot;&gt;&lt;span class=&quot;screen-reader-text&quot;&gt;N\u00b00273\/2025 &#8211; R\u00e9f\u00e9rent\u00b7e\u00b7s Violences sexistes et sexuelles au travail&lt;\/span&gt;&lt;\/a&gt;&lt;\/p&gt;\\n","url":"https:\/\/formationsyndicale.cgt.fr\/?tribe_events=n0273-2025-referent%c2%b7e%c2%b7s-violences-sexistes-et-sexuelles-au-travail","eventAttendanceMode":"https:\/\/schema.org\/OfflineEventAttendanceMode","eventStatus":"https:\/\/schema.org\/EventScheduled","startDate":"2025-05-19T08:30:00+02:00","endDate":"2025-05-21T17:00:00+02:00","location":{"@type":"Place","name":"Centre de formation syndicale conf\u00e9d\u00e9ral Beno\u00eet Frachon","description":"","url":"","address":{"@type":"PostalAddress","streetAddress":"12 rue Fernand Leger","addressLocality":"Gif-sur-yvette","addressRegion":"Essonne","postalCode":"91190","addressCountry":"France"},"telephone":"0169864000","sameAs":"https:\/\/cbf.cgt.fr"},"organizer":{"@type":"Person","name":"Activit\u00e9s conf\u00e9d\u00e9rales &#8211; UGICT","description":"","url":"https:\/\/ugictcgt.fr\/formation-syndicale\/","telephone":"01 55 82 83 40","email":"u&#103;ict&#64;&#99;g&#116;&#46;&#111;&#114;&#103;","sameAs":"https:\/\/ugictcgt.fr\/formation-syndicale\/"},"performer":"Organization"}}