{"id":674,"global_id":"formationsyndicale.cgt.fr?id=674","global_id_lineage":["formationsyndicale.cgt.fr?id=674"],"author":"3","status":"publish","date":"2024-12-11 11:10:30","date_utc":"2024-12-11 10:10:30","modified":"2024-12-11 11:10:54","modified_utc":"2024-12-11 10:10:54","url":"https:\/\/formationsyndicale.cgt.fr\/?tribe_events=n0271-2025-les-ictam-dans-la-fonction-publique","rest_url":"https:\/\/formationsyndicale.cgt.fr\/index.php?rest_route=\/tribe\/events\/v1\/events\/674","title":"N\u00b00271\/2025 &#8211; Les ICTAM dans la fonction publique","description":"<h4><strong>But<\/strong><\/h4>\n<h5><span style=\"color: #003366;\">D\u00e9velopper les capacit\u00e9s n\u00e9cessaires aux camarades dans leur organisation syndicale pour qu\u2019elles et ils soient \u00e0 m\u00eame de comprendre les enjeux professionnels et revendicatifs, le r\u00f4le et la place des Ictam dans la Fonction publique. Elles et ils auront la capacit\u00e9 d\u2019animer un temps d\u00e9di\u00e9 pour favoriser l\u2019\u00e9mergence de revendications sp\u00e9cifiques et l\u2019adh\u00e9sion des Ictam de la Fonction publique.<\/span><\/h5>\n<hr \/>\n<p><span style=\"color: #003366;\"><strong>Objectifs de ce stage<\/strong><\/span><\/p>\n<h5><span style=\"color: #003366;\">Les stagiaires seront outill\u00e9\u00b7es pour \u00e9tablir une strat\u00e9gie revendicative vers les Ictam de la Fonction publique.<\/span><\/h5>\n<hr \/>\n<h4><span style=\"color: #003366;\"><strong>Public vis\u00e9<\/strong><\/span><\/h4>\n<ul>\n<li>\n<h5><span style=\"color: #003366;\">Militant\u00b7e\u00b7s du sp\u00e9cifique du secteur public : Commission ex\u00e9cutive Ugict-CGT, Commisisons d\u00e9partementales, syndicats des Ufict<\/span><\/h5>\n<\/li>\n<li>\n<h5><span style=\"color: #003366;\">9 stagiaires minimum \/ 15 maximum.<\/span><\/h5>\n<hr \/>\n<\/li>\n<\/ul>\n<h4><span style=\"color: #003366;\"><strong>Contenu<\/strong><\/span><\/h4>\n<ul>\n<li>\n<h5><span style=\"color: #003366;\">Les ressorts de l\u2019engagement des Ictam et leur syndicalisation.<\/span><\/h5>\n<\/li>\n<li>\n<h5><span style=\"color: #003366;\">R\u00f4le et place des Ictam au service de l\u2019int\u00e9r\u00eat g\u00e9n\u00e9ral, approche historique et statutaire.<\/span><\/h5>\n<\/li>\n<li>\n<h5><span style=\"color: #003366;\">Comprendre les enjeux professionnels et revendicatifs li\u00e9s au management, au temps de travail, au statut des fonctionnaires, aux qualifications, \u00e0 l\u2019\u00e9galit\u00e9 professionnelle et aux missions des cadres et professions interm\u00e9diaires.<\/span><\/h5>\n<\/li>\n<li>\n<h5><span style=\"color: #003366;\">Mettre en \u0153uvre une strat\u00e9gie revendicative.<\/span><\/h5>\n<\/li>\n<\/ul>","excerpt":"","slug":"n0271-2025-les-ictam-dans-la-fonction-publique","image":false,"all_day":false,"start_date":"2025-03-17 08:00:00","start_date_details":{"year":"2025","month":"03","day":"17","hour":"08","minutes":"00","seconds":"00"},"end_date":"2025-03-20 17:00:00","end_date_details":{"year":"2025","month":"03","day":"20","hour":"17","minutes":"00","seconds":"00"},"utc_start_date":"2025-03-17 07:00:00","utc_start_date_details":{"year":"2025","month":"03","day":"17","hour":"07","minutes":"00","seconds":"00"},"utc_end_date":"2025-03-20 16:00:00","utc_end_date_details":{"year":"2025","month":"03","day":"20","hour":"16","minutes":"00","seconds":"00"},"timezone":"Europe\/Paris","timezone_abbr":"CET","cost":"","cost_details":{"currency_symbol":"\u20ac","currency_code":"EUR","currency_position":"suffix","values":[]},"website":"www.ugictcgt.fr","show_map":true,"show_map_link":true,"hide_from_listings":false,"sticky":false,"featured":false,"categories":[{"name":"\u00catre acteur toute sa vie","slug":"etre-acteur","term_group":0,"term_taxonomy_id":38,"taxonomy":"tribe_events_cat","description":"","parent":0,"count":27,"filter":"raw","id":38,"urls":{"self":"https:\/\/formationsyndicale.cgt.fr\/index.php?rest_route=\/tribe\/events\/v1\/categories\/38","collection":"https:\/\/formationsyndicale.cgt.fr\/index.php?rest_route=\/tribe\/events\/v1\/categories"}},{"name":"Outiller \u00e0 la responsabilit\u00e9","slug":"outiller-responsabilite","term_group":0,"term_taxonomy_id":40,"taxonomy":"tribe_events_cat","description":"","parent":0,"count":26,"filter":"raw","id":40,"urls":{"self":"https:\/\/formationsyndicale.cgt.fr\/index.php?rest_route=\/tribe\/events\/v1\/categories\/40","collection":"https:\/\/formationsyndicale.cgt.fr\/index.php?rest_route=\/tribe\/events\/v1\/categories"}}],"tags":[],"venue":{"id":14,"author":"1","status":"publish","date":"2024-05-14 13:55:25","date_utc":"2024-05-14 11:55:25","modified":"2024-05-14 13:55:25","modified_utc":"2024-05-14 11:55:25","url":"https:\/\/formationsyndicale.cgt.fr\/?tribe_venue=centre-de-formation-syndicale-confederal-benoit-frachon","venue":"Centre de formation syndicale conf\u00e9d\u00e9ral Beno\u00eet Frachon","slug":"centre-de-formation-syndicale-confederal-benoit-frachon","address":"12 rue Fernand Leger","city":"Gif-sur-yvette","country":"France","province":"Essonne","zip":"91190","phone":"0169864000","website":"https:\/\/cbf.cgt.fr","stateprovince":"Essonne","json_ld":{"@type":"Place","name":"Centre de formation syndicale conf\u00e9d\u00e9ral Beno\u00eet Frachon","description":"","url":"","address":{"@type":"PostalAddress","streetAddress":"12 rue Fernand Leger","addressLocality":"Gif-sur-yvette","addressRegion":"Essonne","postalCode":"91190","addressCountry":"France"},"telephone":"0169864000","sameAs":"https:\/\/cbf.cgt.fr"},"show_map":true,"show_map_link":true,"global_id":"formationsyndicale.cgt.fr?id=14","global_id_lineage":["formationsyndicale.cgt.fr?id=14"]},"organizer":[{"id":262,"author":"3","status":"publish","date":"2024-10-30 11:58:16","date_utc":"2024-10-30 10:58:16","modified":"2025-11-17 15:16:09","modified_utc":"2025-11-17 14:16:09","url":"https:\/\/formationsyndicale.cgt.fr\/?tribe_organizer=activites-confederales-ugict","organizer":"Activit\u00e9s conf\u00e9d\u00e9rales &#8211; UGICT","slug":"activites-confederales-ugict","phone":"01 55 82 83 40","website":"https:\/\/ugictcgt.fr\/formation-syndicale\/","email":"ugict@cgt.org","json_ld":{"@type":"Person","name":"Activit\u00e9s conf\u00e9d\u00e9rales &#8211; UGICT","description":"","url":"https:\/\/ugictcgt.fr\/formation-syndicale\/","telephone":"01 55 82 83 40","email":"&#117;g&#105;&#99;&#116;&#64;cg&#116;&#46;or&#103;","sameAs":"https:\/\/ugictcgt.fr\/formation-syndicale\/"},"global_id":"formationsyndicale.cgt.fr?id=262","global_id_lineage":["formationsyndicale.cgt.fr?id=262"]}],"custom_fields":[],"json_ld":{"@context":"http:\/\/schema.org","@type":"Event","name":"N\u00b00271\/2025 &#8211; Les ICTAM dans la fonction publique","description":"&lt;p&gt;But D\u00e9velopper les capacit\u00e9s n\u00e9cessaires aux camarades dans leur organisation syndicale pour qu\u2019elles et ils soient \u00e0 m\u00eame de comprendre les enjeux professionnels et revendicatifs, le r\u00f4le et la place&hellip;&nbsp;&lt;a href=&quot;https:\/\/formationsyndicale.cgt.fr\/?tribe_events=n0271-2025-les-ictam-dans-la-fonction-publique&quot; rel=&quot;bookmark&quot;&gt;&lt;span class=&quot;screen-reader-text&quot;&gt;N\u00b00271\/2025 &#8211; Les ICTAM dans la fonction publique&lt;\/span&gt;&lt;\/a&gt;&lt;\/p&gt;\\n","url":"https:\/\/formationsyndicale.cgt.fr\/?tribe_events=n0271-2025-les-ictam-dans-la-fonction-publique","eventAttendanceMode":"https:\/\/schema.org\/OfflineEventAttendanceMode","eventStatus":"https:\/\/schema.org\/EventScheduled","startDate":"2025-03-17T08:00:00+01:00","endDate":"2025-03-20T17:00:00+01:00","location":{"@type":"Place","name":"Centre de formation syndicale conf\u00e9d\u00e9ral Beno\u00eet Frachon","description":"","url":"","address":{"@type":"PostalAddress","streetAddress":"12 rue Fernand Leger","addressLocality":"Gif-sur-yvette","addressRegion":"Essonne","postalCode":"91190","addressCountry":"France"},"telephone":"0169864000","sameAs":"https:\/\/cbf.cgt.fr"},"organizer":{"@type":"Person","name":"Activit\u00e9s conf\u00e9d\u00e9rales &#8211; UGICT","description":"","url":"https:\/\/ugictcgt.fr\/formation-syndicale\/","telephone":"01 55 82 83 40","email":"u&#103;i&#99;&#116;&#64;c&#103;t&#46;o&#114;&#103;","sameAs":"https:\/\/ugictcgt.fr\/formation-syndicale\/"},"performer":"Organization"}}