{"id":672,"global_id":"formationsyndicale.cgt.fr?id=672","global_id_lineage":["formationsyndicale.cgt.fr?id=672"],"author":"3","status":"publish","date":"2024-12-11 11:04:04","date_utc":"2024-12-11 10:04:04","modified":"2024-12-11 11:04:04","modified_utc":"2024-12-11 10:04:04","url":"https:\/\/formationsyndicale.cgt.fr\/?tribe_events=n0270-2025-etre-responsable-ugict-cgt","rest_url":"https:\/\/formationsyndicale.cgt.fr\/index.php?rest_route=\/tribe\/events\/v1\/events\/672","title":"N\u00b00270\/2025 &#8211; \u00catre responsable UGICT\/CGT","description":"<p><span style=\"color: #003366;\">Le stage national Ugict-CGT a pour objectif de former des responsables \u00e0 l\u2019activit\u00e9 syndicale sp\u00e9cifique en direction des ing\u00e9nieurs, cadres, techniciens et agents de ma\u00eetrise.<\/span><\/p>\n<hr \/>\n<h4><span style=\"color: #003366;\"><strong>Public vis\u00e9<\/strong><\/span><\/h4>\n<h5><span style=\"color: #003366;\">Ce stage national s\u2019adresse aux membres de la commission ex\u00e9cutive Ugict-CGT, aux directions des Unions f\u00e9d\u00e9rales et des Commission d\u00e9partementales Ugict, aux syndicats sp\u00e9cifiques, aux \u00e9lu\u00b7es et mandat\u00e9\u00b7s des coll\u00e8ges cadres et techniciens.<\/span><\/h5>\n<hr \/>\n<h4><span style=\"color: #003366;\"><strong>Intentions de l\u2019organisation<\/strong><\/span><\/h4>\n<h5><span style=\"color: #003366;\">Donner aux militant\u00b7es les moyens de d\u00e9velopper une activit\u00e9 sp\u00e9cifique partout o\u00f9 il y a des ing\u00e9nieur\u00b7es, des cadres, des technicien\u00b7nes pour \u00eatre la CGT de tous les salari\u00e9\u00b7es, parce qu\u2019il n\u2019est pas de progr\u00e8s social possible sans intervention de l\u2019ensemble du salariat, tel est l\u2019objectif de ce stage.<\/span><\/h5>\n<hr \/>\n<h4><span style=\"color: #003366;\"><strong>Les objectifs de la formation<\/strong><\/span><\/h4>\n<h5><span style=\"color: #003366;\"><u>\u00c0<\/u><u> l\u2019issue de la formation, les militants seront en capacit\u00e9<\/u><\/span><\/h5>\n<ul>\n<li>\n<h5><span style=\"color: #003366;\">D\u2019analyser les probl\u00e9matiques des ICT dans leur entreprise et leur profession.<\/span><\/h5>\n<\/li>\n<li>\n<h5><span style=\"color: #003366;\">De comparer les strat\u00e9gies manag\u00e9riales men\u00e9es dans diff\u00e9rents secteurs d\u2019activit\u00e9.<\/span><\/h5>\n<\/li>\n<li>\n<h5><span style=\"color: #003366;\">D\u2019en comprendre les d\u00e9terminants \u00e9conomiques et macro-\u00e9conomiques.<\/span><\/h5>\n<\/li>\n<li>\n<h5><span style=\"color: #003366;\">De mesurer l\u2019impact des politiques territoriales, nationales et europ\u00e9ennes.<\/span><\/h5>\n<\/li>\n<li>\n<h5><span style=\"color: #003366;\">D\u2019identifier les niveaux et les leviers d\u2019intervention pour soustraire les entreprises du priv\u00e9 et les administrations publiques aux logiques de la financiarisation de l\u2019\u00e9conomie.<\/span><\/h5>\n<\/li>\n<li>\n<h5><span style=\"color: #003366;\">De travailler \u00e0 l\u2019\u00e9mergence d\u2019une nouvelle conception de l\u2019entreprise et du management, tourn\u00e9e vers la satisfaction des besoins socio\u00e9conomiques.<\/span><\/h5>\n<\/li>\n<li>\n<h5><span style=\"color: #003366;\">De positionner l\u2019activit\u00e9 sp\u00e9cifique dans les diff\u00e9rentes structures de la CGT.<\/span><\/h5>\n<\/li>\n<li>\n<h5><span style=\"color: #003366;\">D\u2019identifier les probl\u00e8mes rencontr\u00e9s par les ing\u00e9nieurs, cadres et tehnicien\u00b7nes au travail, leurs besoins et de ma\u00eetriser les axes revendicatifs propos\u00e9s par l\u2019Ugict pour y r\u00e9pondre.<\/span><\/h5>\n<\/li>\n<li>\n<h5><span style=\"color: #003366;\">D\u2019impulser l\u2019activit\u00e9 et la vie d\u00e9mocratique de l\u2019organisation sp\u00e9cifique dont ils ont la responsabilit\u00e9.<\/span><\/h5>\n<\/li>\n<li>\n<h5><span style=\"color: #003366;\">D\u2019organiser et piloter les collectifs de travail.<\/span><\/h5>\n<\/li>\n<\/ul>","excerpt":"","slug":"n0270-2025-etre-responsable-ugict-cgt","image":false,"all_day":false,"start_date":"2025-03-10 08:00:00","start_date_details":{"year":"2025","month":"03","day":"10","hour":"08","minutes":"00","seconds":"00"},"end_date":"2025-03-14 17:00:00","end_date_details":{"year":"2025","month":"03","day":"14","hour":"17","minutes":"00","seconds":"00"},"utc_start_date":"2025-03-10 07:00:00","utc_start_date_details":{"year":"2025","month":"03","day":"10","hour":"07","minutes":"00","seconds":"00"},"utc_end_date":"2025-03-14 16:00:00","utc_end_date_details":{"year":"2025","month":"03","day":"14","hour":"16","minutes":"00","seconds":"00"},"timezone":"Europe\/Paris","timezone_abbr":"CET","cost":"","cost_details":{"currency_symbol":"\u20ac","currency_code":"EUR","currency_position":"suffix","values":[]},"website":"www.ugictcgt.fr","show_map":true,"show_map_link":true,"hide_from_listings":false,"sticky":false,"featured":false,"categories":[],"tags":[],"venue":{"id":14,"author":"1","status":"publish","date":"2024-05-14 13:55:25","date_utc":"2024-05-14 11:55:25","modified":"2024-05-14 13:55:25","modified_utc":"2024-05-14 11:55:25","url":"https:\/\/formationsyndicale.cgt.fr\/?tribe_venue=centre-de-formation-syndicale-confederal-benoit-frachon","venue":"Centre de formation syndicale conf\u00e9d\u00e9ral Beno\u00eet Frachon","slug":"centre-de-formation-syndicale-confederal-benoit-frachon","address":"12 rue Fernand Leger","city":"Gif-sur-yvette","country":"France","province":"Essonne","zip":"91190","phone":"0169864000","website":"https:\/\/cbf.cgt.fr","stateprovince":"Essonne","json_ld":{"@type":"Place","name":"Centre de formation syndicale conf\u00e9d\u00e9ral Beno\u00eet Frachon","description":"","url":"","address":{"@type":"PostalAddress","streetAddress":"12 rue Fernand Leger","addressLocality":"Gif-sur-yvette","addressRegion":"Essonne","postalCode":"91190","addressCountry":"France"},"telephone":"0169864000","sameAs":"https:\/\/cbf.cgt.fr"},"show_map":true,"show_map_link":true,"global_id":"formationsyndicale.cgt.fr?id=14","global_id_lineage":["formationsyndicale.cgt.fr?id=14"]},"organizer":[{"id":262,"author":"3","status":"publish","date":"2024-10-30 11:58:16","date_utc":"2024-10-30 10:58:16","modified":"2025-11-17 15:16:09","modified_utc":"2025-11-17 14:16:09","url":"https:\/\/formationsyndicale.cgt.fr\/?tribe_organizer=activites-confederales-ugict","organizer":"Activit\u00e9s conf\u00e9d\u00e9rales &#8211; UGICT","slug":"activites-confederales-ugict","phone":"01 55 82 83 40","website":"https:\/\/ugictcgt.fr\/formation-syndicale\/","email":"ugict@cgt.org","json_ld":{"@type":"Person","name":"Activit\u00e9s conf\u00e9d\u00e9rales &#8211; UGICT","description":"","url":"https:\/\/ugictcgt.fr\/formation-syndicale\/","telephone":"01 55 82 83 40","email":"&#117;g&#105;ct&#64;cgt.&#111;r&#103;","sameAs":"https:\/\/ugictcgt.fr\/formation-syndicale\/"},"global_id":"formationsyndicale.cgt.fr?id=262","global_id_lineage":["formationsyndicale.cgt.fr?id=262"]}],"custom_fields":[],"json_ld":{"@context":"http:\/\/schema.org","@type":"Event","name":"N\u00b00270\/2025 &#8211; \u00catre responsable UGICT\/CGT","description":"&lt;p&gt;Le stage national Ugict-CGT a pour objectif de former des responsables \u00e0 l\u2019activit\u00e9 syndicale sp\u00e9cifique en direction des ing\u00e9nieurs, cadres, techniciens et agents de ma\u00eetrise. Public vis\u00e9 Ce stage national&hellip;&nbsp;&lt;a href=&quot;https:\/\/formationsyndicale.cgt.fr\/?tribe_events=n0270-2025-etre-responsable-ugict-cgt&quot; rel=&quot;bookmark&quot;&gt;&lt;span class=&quot;screen-reader-text&quot;&gt;N\u00b00270\/2025 &#8211; \u00catre responsable UGICT\/CGT&lt;\/span&gt;&lt;\/a&gt;&lt;\/p&gt;\\n","url":"https:\/\/formationsyndicale.cgt.fr\/?tribe_events=n0270-2025-etre-responsable-ugict-cgt","eventAttendanceMode":"https:\/\/schema.org\/OfflineEventAttendanceMode","eventStatus":"https:\/\/schema.org\/EventScheduled","startDate":"2025-03-10T08:00:00+01:00","endDate":"2025-03-14T17:00:00+01:00","location":{"@type":"Place","name":"Centre de formation syndicale conf\u00e9d\u00e9ral Beno\u00eet Frachon","description":"","url":"","address":{"@type":"PostalAddress","streetAddress":"12 rue Fernand Leger","addressLocality":"Gif-sur-yvette","addressRegion":"Essonne","postalCode":"91190","addressCountry":"France"},"telephone":"0169864000","sameAs":"https:\/\/cbf.cgt.fr"},"organizer":{"@type":"Person","name":"Activit\u00e9s conf\u00e9d\u00e9rales &#8211; UGICT","description":"","url":"https:\/\/ugictcgt.fr\/formation-syndicale\/","telephone":"01 55 82 83 40","email":"&#117;&#103;ict&#64;&#99;g&#116;.&#111;rg","sameAs":"https:\/\/ugictcgt.fr\/formation-syndicale\/"},"performer":"Organization"}}