{"id":656,"global_id":"formationsyndicale.cgt.fr?id=656","global_id_lineage":["formationsyndicale.cgt.fr?id=656"],"author":"3","status":"publish","date":"2024-12-11 10:17:57","date_utc":"2024-12-11 09:17:57","modified":"2024-12-11 10:24:15","modified_utc":"2024-12-11 09:24:15","url":"https:\/\/formationsyndicale.cgt.fr\/?tribe_events=n0282-2025-presentation-dindecosa","rest_url":"https:\/\/formationsyndicale.cgt.fr\/index.php?rest_route=\/tribe\/events\/v1\/events\/656","title":"N\u00b00282\/2025 &#8211; Pr\u00e9sentation d&rsquo;Indecosa","description":"<h4><span style=\"color: #003366;\">Population syndicale concern\u00e9e :<\/span><\/h4>\n<h5><span style=\"color: #003366;\">La formation est adress\u00e9e prioritairement \u00e0 l&rsquo;ensemble des militant\u00b7e\u00b7s d&rsquo;Indecosa-CGT en responsabilit\u00e9 dans les associations territoires ou portant un mandat Indecosa-CGT dans une instance. Elle est obligatoire pour y tenir un mandat ou une fonction de responsabilit\u00e9.<\/span><\/h5>\n<hr \/>\n<h4><span style=\"color: #003366;\">L&rsquo;objectif de la formation :<\/span><\/h4>\n<h5><span style=\"color: #003366;\">Conna\u00eetre les fondements, les actions et le contexte ainsi que le mode d&rsquo;organisation d&rsquo;Indecosa-CGT en France, aujourd&rsquo;hui.<\/span><\/h5>\n<hr \/>\n<p><a href=\"https:\/\/formationsyndicale.cgt.fr\/wp-content\/uploads\/2024\/12\/FD-Presentation-dINDECOSA-Octobre-2025.pdf\">FD Pr\u00e9sentation d&rsquo;INDECOSA &#8211; Octobre 2025<\/a><\/p>\n<p><a href=\"https:\/\/formationsyndicale.cgt.fr\/wp-content\/uploads\/2024\/12\/FC-Presentation-Indecosa-octobre-2025.docx\">FC Pr\u00e9sentation Indecosa octobre 2025<\/a><\/p>","excerpt":"","slug":"n0282-2025-presentation-dindecosa","image":false,"all_day":false,"start_date":"2025-10-13 08:00:00","start_date_details":{"year":"2025","month":"10","day":"13","hour":"08","minutes":"00","seconds":"00"},"end_date":"2025-10-17 17:00:00","end_date_details":{"year":"2025","month":"10","day":"17","hour":"17","minutes":"00","seconds":"00"},"utc_start_date":"2025-10-13 06:00:00","utc_start_date_details":{"year":"2025","month":"10","day":"13","hour":"06","minutes":"00","seconds":"00"},"utc_end_date":"2025-10-17 15:00:00","utc_end_date_details":{"year":"2025","month":"10","day":"17","hour":"15","minutes":"00","seconds":"00"},"timezone":"Europe\/Paris","timezone_abbr":"CEST","cost":"","cost_details":{"currency_symbol":"\u20ac","currency_code":"EUR","currency_position":"suffix","values":[]},"website":"","show_map":true,"show_map_link":true,"hide_from_listings":false,"sticky":false,"featured":false,"categories":[{"name":"\u00catre acteur toute sa vie","slug":"etre-acteur","term_group":0,"term_taxonomy_id":38,"taxonomy":"tribe_events_cat","description":"","parent":0,"count":27,"filter":"raw","id":38,"urls":{"self":"https:\/\/formationsyndicale.cgt.fr\/index.php?rest_route=\/tribe\/events\/v1\/categories\/38","collection":"https:\/\/formationsyndicale.cgt.fr\/index.php?rest_route=\/tribe\/events\/v1\/categories"}}],"tags":[],"venue":{"id":14,"author":"1","status":"publish","date":"2024-05-14 13:55:25","date_utc":"2024-05-14 11:55:25","modified":"2024-05-14 13:55:25","modified_utc":"2024-05-14 11:55:25","url":"https:\/\/formationsyndicale.cgt.fr\/?tribe_venue=centre-de-formation-syndicale-confederal-benoit-frachon","venue":"Centre de formation syndicale conf\u00e9d\u00e9ral Beno\u00eet Frachon","slug":"centre-de-formation-syndicale-confederal-benoit-frachon","address":"12 rue Fernand Leger","city":"Gif-sur-yvette","country":"France","province":"Essonne","zip":"91190","phone":"0169864000","website":"https:\/\/cbf.cgt.fr","stateprovince":"Essonne","json_ld":{"@type":"Place","name":"Centre de formation syndicale conf\u00e9d\u00e9ral Beno\u00eet Frachon","description":"","url":"","address":{"@type":"PostalAddress","streetAddress":"12 rue Fernand Leger","addressLocality":"Gif-sur-yvette","addressRegion":"Essonne","postalCode":"91190","addressCountry":"France"},"telephone":"0169864000","sameAs":"https:\/\/cbf.cgt.fr"},"show_map":true,"show_map_link":true,"global_id":"formationsyndicale.cgt.fr?id=14","global_id_lineage":["formationsyndicale.cgt.fr?id=14"]},"organizer":[{"id":117,"author":"2","status":"publish","date":"2024-08-28 13:01:17","date_utc":"2024-08-28 11:01:17","modified":"2025-11-17 15:24:26","modified_utc":"2025-11-17 14:24:26","url":"https:\/\/formationsyndicale.cgt.fr\/?tribe_organizer=indecosa","organizer":"Activit\u00e9s conf\u00e9d\u00e9rales &#8211; Indecosa","description":"<p>Indecosa CGT national<\/p>\n<p>Association pour l\u2019<strong>IN<\/strong>formation et la\u00a0<strong>DE<\/strong>fense des\u00a0<strong>CO<\/strong>nsommateurs\u00a0<strong>SA<\/strong>lari\u00e9s<\/p>\n<p>263, rue de Paris<\/p>\n<p>Case 1-1<\/p>\n<p>93516 Montreuil Cedex<\/p>\n<menu id=\"fcltHTML5Menu1\" type=\"context\"><\/menu>","slug":"indecosa","phone":"01 55 82 84 05","website":"http:\/\/www.indecosa.cgt.fr\/","email":"indecosa@cgt.org","json_ld":{"@type":"Person","name":"Activit\u00e9s conf\u00e9d\u00e9rales &#8211; Indecosa","description":"&lt;p&gt;Indecosa CGT national Association pour l\u2019INformation et la\u00a0DEfense des\u00a0COnsommateurs\u00a0SAlari\u00e9s 263, rue de Paris Case 1-1 93516 Montreuil Cedex&lt;\/p&gt;\\n","url":"http:\/\/www.indecosa.cgt.fr\/","telephone":"01 55 82 84 05","email":"i&#110;d&#101;&#99;o&#115;&#97;&#64;cg&#116;.o&#114;g","sameAs":"http:\/\/www.indecosa.cgt.fr\/"},"global_id":"formationsyndicale.cgt.fr?id=117","global_id_lineage":["formationsyndicale.cgt.fr?id=117"]}],"custom_fields":[],"json_ld":{"@context":"http:\/\/schema.org","@type":"Event","name":"N\u00b00282\/2025 &#8211; Pr\u00e9sentation d&rsquo;Indecosa","description":"&lt;p&gt;Population syndicale concern\u00e9e : La formation est adress\u00e9e prioritairement \u00e0 l\\'ensemble des militant\u00b7e\u00b7s d\\'Indecosa-CGT en responsabilit\u00e9 dans les associations territoires ou portant un mandat Indecosa-CGT dans une instance. Elle est&hellip;&nbsp;&lt;a href=&quot;https:\/\/formationsyndicale.cgt.fr\/?tribe_events=n0282-2025-presentation-dindecosa&quot; rel=&quot;bookmark&quot;&gt;&lt;span class=&quot;screen-reader-text&quot;&gt;N\u00b00282\/2025 &#8211; Pr\u00e9sentation d&rsquo;Indecosa&lt;\/span&gt;&lt;\/a&gt;&lt;\/p&gt;\\n","url":"https:\/\/formationsyndicale.cgt.fr\/?tribe_events=n0282-2025-presentation-dindecosa","eventAttendanceMode":"https:\/\/schema.org\/OfflineEventAttendanceMode","eventStatus":"https:\/\/schema.org\/EventScheduled","startDate":"2025-10-13T08:00:00+02:00","endDate":"2025-10-17T17:00:00+02:00","location":{"@type":"Place","name":"Centre de formation syndicale conf\u00e9d\u00e9ral Beno\u00eet Frachon","description":"","url":"","address":{"@type":"PostalAddress","streetAddress":"12 rue Fernand Leger","addressLocality":"Gif-sur-yvette","addressRegion":"Essonne","postalCode":"91190","addressCountry":"France"},"telephone":"0169864000","sameAs":"https:\/\/cbf.cgt.fr"},"organizer":{"@type":"Person","name":"Activit\u00e9s conf\u00e9d\u00e9rales &#8211; Indecosa","description":"&lt;p&gt;Indecosa CGT national Association pour l\u2019INformation et la\u00a0DEfense des\u00a0COnsommateurs\u00a0SAlari\u00e9s 263, rue de Paris Case 1-1 93516 Montreuil Cedex&lt;\/p&gt;\\n","url":"http:\/\/www.indecosa.cgt.fr\/","telephone":"01 55 82 84 05","email":"&#105;&#110;decos&#97;&#64;cg&#116;.&#111;&#114;&#103;","sameAs":"http:\/\/www.indecosa.cgt.fr\/"},"performer":"Organization"}}