{"id":635,"global_id":"formationsyndicale.cgt.fr?id=635","global_id_lineage":["formationsyndicale.cgt.fr?id=635"],"author":"3","status":"publish","date":"2024-12-11 09:26:44","date_utc":"2024-12-11 08:26:44","modified":"2024-12-11 09:29:23","modified_utc":"2024-12-11 08:29:23","url":"https:\/\/formationsyndicale.cgt.fr\/?tribe_events=n0290-2025-ce-europeen","rest_url":"https:\/\/formationsyndicale.cgt.fr\/index.php?rest_route=\/tribe\/events\/v1\/events\/635","title":"N\u00b00290\/2025 &#8211; CE Europ\u00e9en","description":"","excerpt":"","slug":"n0290-2025-ce-europeen","image":false,"all_day":false,"start_date":"2025-02-10 08:00:00","start_date_details":{"year":"2025","month":"02","day":"10","hour":"08","minutes":"00","seconds":"00"},"end_date":"2025-02-14 17:00:00","end_date_details":{"year":"2025","month":"02","day":"14","hour":"17","minutes":"00","seconds":"00"},"utc_start_date":"2025-02-10 07:00:00","utc_start_date_details":{"year":"2025","month":"02","day":"10","hour":"07","minutes":"00","seconds":"00"},"utc_end_date":"2025-02-14 16:00:00","utc_end_date_details":{"year":"2025","month":"02","day":"14","hour":"16","minutes":"00","seconds":"00"},"timezone":"Europe\/Paris","timezone_abbr":"CET","cost":"","cost_details":{"currency_symbol":"\u20ac","currency_code":"EUR","currency_position":"suffix","values":[]},"website":"","show_map":true,"show_map_link":true,"hide_from_listings":false,"sticky":false,"featured":false,"categories":[],"tags":[],"venue":{"id":14,"author":"1","status":"publish","date":"2024-05-14 13:55:25","date_utc":"2024-05-14 11:55:25","modified":"2024-05-14 13:55:25","modified_utc":"2024-05-14 11:55:25","url":"https:\/\/formationsyndicale.cgt.fr\/?tribe_venue=centre-de-formation-syndicale-confederal-benoit-frachon","venue":"Centre de formation syndicale conf\u00e9d\u00e9ral Beno\u00eet Frachon","slug":"centre-de-formation-syndicale-confederal-benoit-frachon","address":"12 rue Fernand Leger","city":"Gif-sur-yvette","country":"France","province":"Essonne","zip":"91190","phone":"0169864000","website":"https:\/\/cbf.cgt.fr","stateprovince":"Essonne","json_ld":{"@type":"Place","name":"Centre de formation syndicale conf\u00e9d\u00e9ral Beno\u00eet Frachon","description":"","url":"","address":{"@type":"PostalAddress","streetAddress":"12 rue Fernand Leger","addressLocality":"Gif-sur-yvette","addressRegion":"Essonne","postalCode":"91190","addressCountry":"France"},"telephone":"0169864000","sameAs":"https:\/\/cbf.cgt.fr"},"show_map":true,"show_map_link":true,"global_id":"formationsyndicale.cgt.fr?id=14","global_id_lineage":["formationsyndicale.cgt.fr?id=14"]},"organizer":[{"id":637,"author":"3","status":"publish","date":"2024-12-11 09:29:13","date_utc":"2024-12-11 08:29:13","modified":"2025-11-17 15:12:16","modified_utc":"2025-11-17 14:12:16","url":"https:\/\/formationsyndicale.cgt.fr\/?tribe_organizer=espace-europe-international","organizer":"Espace Europe International","slug":"espace-europe-international","phone":"01 55 82 82 90","website":"http:\/\/www.cgt.fr","email":"europinter@cgt.org","json_ld":{"@type":"Person","name":"Espace Europe International","description":"","url":"http:\/\/www.cgt.fr","telephone":"01 55 82 82 90","email":"&#101;u&#114;&#111;p&#105;&#110;&#116;er&#64;&#99;&#103;&#116;.org","sameAs":"http:\/\/www.cgt.fr"},"global_id":"formationsyndicale.cgt.fr?id=637","global_id_lineage":["formationsyndicale.cgt.fr?id=637"]}],"custom_fields":[],"json_ld":{"@context":"http:\/\/schema.org","@type":"Event","name":"N\u00b00290\/2025 &#8211; CE Europ\u00e9en","description":"","url":"https:\/\/formationsyndicale.cgt.fr\/?tribe_events=n0290-2025-ce-europeen","eventAttendanceMode":"https:\/\/schema.org\/OfflineEventAttendanceMode","eventStatus":"https:\/\/schema.org\/EventScheduled","startDate":"2025-02-10T08:00:00+01:00","endDate":"2025-02-14T17:00:00+01:00","location":{"@type":"Place","name":"Centre de formation syndicale conf\u00e9d\u00e9ral Beno\u00eet Frachon","description":"","url":"","address":{"@type":"PostalAddress","streetAddress":"12 rue Fernand Leger","addressLocality":"Gif-sur-yvette","addressRegion":"Essonne","postalCode":"91190","addressCountry":"France"},"telephone":"0169864000","sameAs":"https:\/\/cbf.cgt.fr"},"organizer":{"@type":"Person","name":"Espace Europe International","description":"","url":"http:\/\/www.cgt.fr","telephone":"01 55 82 82 90","email":"euro&#112;i&#110;t&#101;&#114;&#64;&#99;gt.&#111;&#114;&#103;","sameAs":"http:\/\/www.cgt.fr"},"performer":"Organization"}}