{"id":632,"global_id":"formationsyndicale.cgt.fr?id=632","global_id_lineage":["formationsyndicale.cgt.fr?id=632"],"author":"3","status":"publish","date":"2024-12-11 09:20:29","date_utc":"2024-12-11 08:20:29","modified":"2025-04-17 16:46:31","modified_utc":"2025-04-17 14:46:31","url":"https:\/\/formationsyndicale.cgt.fr\/?tribe_events=n0223-2025-bases-et-actualites-du-droit-du-travail","rest_url":"https:\/\/formationsyndicale.cgt.fr\/index.php?rest_route=\/tribe\/events\/v1\/events\/632","title":"N\u00b00223\/2025 &#8211; DLAJ \/ Actualit\u00e9s juridiques","description":"<p><span style=\"color: #003366;\"><strong>Public concern\u00e9<\/strong> <\/span><br \/>\n<span style=\"color: #003366;\">Ce stage n\u00e9cessite des connaissances de base en mati\u00e8re de droit du travail, acquises par une exp\u00e9rience militante et\/ou par une formation. Il s\u2019adresse en priorit\u00e9 aux animateurs ou membres de collectifs \u00ab Droits, Libert\u00e9s, Action juridique \u00bb.<\/span><\/p>\n<hr \/>\n<h5><span style=\"color: #003366;\"><strong>Objectif<\/strong> <\/span><br \/>\n<span style=\"color: #003366;\">\u00c0 l\u2019issue de cette session, les stagiaires sauront identifier et mobiliser les r\u00e8gles juridiques concernant les th\u00e8mes vis\u00e9s par le stage.<\/span><\/h5>\n<hr \/>\n<h5><a href=\"https:\/\/formationsyndicale.cgt.fr\/wp-content\/uploads\/2024\/12\/FD-et-FC-DLAJ_actualites_juridiques_16au20juin2025_ISSTSTRASBG.pdf\">FD et FC DLAJ_actualites_juridiques_16au20juin2025_ISSTSTRASBG<\/a><\/h5>","excerpt":"","slug":"n0223-2025-bases-et-actualites-du-droit-du-travail","image":false,"all_day":false,"start_date":"2025-06-16 08:00:00","start_date_details":{"year":"2025","month":"06","day":"16","hour":"08","minutes":"00","seconds":"00"},"end_date":"2025-06-20 17:00:00","end_date_details":{"year":"2025","month":"06","day":"20","hour":"17","minutes":"00","seconds":"00"},"utc_start_date":"2025-06-16 06:00:00","utc_start_date_details":{"year":"2025","month":"06","day":"16","hour":"06","minutes":"00","seconds":"00"},"utc_end_date":"2025-06-20 15:00:00","utc_end_date_details":{"year":"2025","month":"06","day":"20","hour":"15","minutes":"00","seconds":"00"},"timezone":"Europe\/Paris","timezone_abbr":"CEST","cost":"","cost_details":{"currency_symbol":"\u20ac","currency_code":"EUR","currency_position":"suffix","values":[]},"website":"","show_map":true,"show_map_link":true,"hide_from_listings":false,"sticky":false,"featured":false,"categories":[],"tags":[],"venue":{"id":125,"author":"2","status":"publish","date":"2024-08-28 13:13:24","date_utc":"2024-08-28 11:13:24","modified":"2024-08-28 13:13:24","modified_utc":"2024-08-28 11:13:24","url":"https:\/\/formationsyndicale.cgt.fr\/?tribe_venue=institut-du-travail-universite-de-strasbourg","venue":"Institut du travail, Universit\u00e9 de Strasbourg","description":"<p>L\u2019Institut du travail de Strasbourg appartient au r\u00e9seau national des Instituts du travail.<\/p>","slug":"institut-du-travail-universite-de-strasbourg","address":"39 avenue de la For\u00eat Noire","city":"Strasbourg","country":"France","province":"Alsace","zip":"67000","phone":"+33368858700","website":"https:\/\/idt.unistra.fr\/","stateprovince":"Alsace","json_ld":{"@type":"Place","name":"Institut du travail, Universit\u00e9 de Strasbourg","description":"&lt;p&gt;L\u2019Institut du travail de Strasbourg appartient au r\u00e9seau national des Instituts du travail.&lt;\/p&gt;\\n","url":"","address":{"@type":"PostalAddress","streetAddress":"39 avenue de la For\u00eat Noire","addressLocality":"Strasbourg","addressRegion":"Alsace","postalCode":"67000","addressCountry":"France"},"telephone":"+33368858700","sameAs":"https:\/\/idt.unistra.fr\/"},"show_map":true,"show_map_link":true,"global_id":"formationsyndicale.cgt.fr?id=125","global_id_lineage":["formationsyndicale.cgt.fr?id=125"]},"organizer":[{"id":629,"author":"3","status":"publish","date":"2024-12-10 16:10:14","date_utc":"2024-12-10 15:10:14","modified":"2025-11-17 15:13:04","modified_utc":"2025-11-17 14:13:04","url":"https:\/\/formationsyndicale.cgt.fr\/?tribe_organizer=espace-revendicatif-pole-dlaj","organizer":"Espace revendicatif &#8211; P\u00f4le DLAJ","slug":"espace-revendicatif-pole-dlaj","phone":"01 55 82 82 11","email":"dlaj@cgt.org","json_ld":{"@type":"Person","name":"Espace revendicatif &#8211; P\u00f4le DLAJ","description":"","url":"","telephone":"01 55 82 82 11","email":"d&#108;&#97;j&#64;&#99;g&#116;&#46;&#111;&#114;g","sameAs":""},"global_id":"formationsyndicale.cgt.fr?id=629","global_id_lineage":["formationsyndicale.cgt.fr?id=629"]}],"custom_fields":[],"json_ld":{"@context":"http:\/\/schema.org","@type":"Event","name":"N\u00b00223\/2025 &#8211; DLAJ \/ Actualit\u00e9s juridiques","description":"&lt;p&gt;Public concern\u00e9 Ce stage n\u00e9cessite des connaissances de base en mati\u00e8re de droit du travail, acquises par une exp\u00e9rience militante et\/ou par une formation. Il s\u2019adresse en priorit\u00e9 aux animateurs&hellip;&nbsp;&lt;a href=&quot;https:\/\/formationsyndicale.cgt.fr\/?tribe_events=n0223-2025-bases-et-actualites-du-droit-du-travail&quot; rel=&quot;bookmark&quot;&gt;&lt;span class=&quot;screen-reader-text&quot;&gt;N\u00b00223\/2025 &#8211; DLAJ \/ Actualit\u00e9s juridiques&lt;\/span&gt;&lt;\/a&gt;&lt;\/p&gt;\\n","url":"https:\/\/formationsyndicale.cgt.fr\/?tribe_events=n0223-2025-bases-et-actualites-du-droit-du-travail","eventAttendanceMode":"https:\/\/schema.org\/OfflineEventAttendanceMode","eventStatus":"https:\/\/schema.org\/EventScheduled","startDate":"2025-06-16T08:00:00+02:00","endDate":"2025-06-20T17:00:00+02:00","location":{"@type":"Place","name":"Institut du travail, Universit\u00e9 de Strasbourg","description":"&lt;p&gt;L\u2019Institut du travail de Strasbourg appartient au r\u00e9seau national des Instituts du travail.&lt;\/p&gt;\\n","url":"","address":{"@type":"PostalAddress","streetAddress":"39 avenue de la For\u00eat Noire","addressLocality":"Strasbourg","addressRegion":"Alsace","postalCode":"67000","addressCountry":"France"},"telephone":"+33368858700","sameAs":"https:\/\/idt.unistra.fr\/"},"organizer":{"@type":"Person","name":"Espace revendicatif &#8211; P\u00f4le DLAJ","description":"","url":"","telephone":"01 55 82 82 11","email":"d&#108;a&#106;&#64;&#99;&#103;t&#46;o&#114;&#103;","sameAs":""},"performer":"Organization"}}