{"id":614,"global_id":"formationsyndicale.cgt.fr?id=614","global_id_lineage":["formationsyndicale.cgt.fr?id=614"],"author":"3","status":"publish","date":"2024-12-10 15:30:14","date_utc":"2024-12-10 14:30:14","modified":"2025-01-27 15:06:50","modified_utc":"2025-01-27 14:06:50","url":"https:\/\/formationsyndicale.cgt.fr\/?tribe_events=n0192-2025-salaires","rest_url":"https:\/\/formationsyndicale.cgt.fr\/index.php?rest_route=\/tribe\/events\/v1\/events\/614","title":"N\u00b00192\/2025 &#8211; Salaires","description":"<h4><span style=\"color: #003366;\"><a href=\"https:\/\/formationsyndicale.cgt.fr\/wp-content\/uploads\/2024\/12\/FC-salaire-mars-2024.docx\">FC salaire mars 2024<\/a>Public concern\u00e9<\/span><\/h4>\n<h5><span style=\"color: #003366;\">N\u00e9gociateur.rice.s de branche, d\u2019entreprise, secr\u00e9taires g\u00e9n\u00e9rales.aux \u00a0de syndicat.<\/span><\/h5>\n<hr \/>\n<h4><span style=\"color: #003366;\">Objectifs de la formation<\/span><\/h4>\n<h5><span style=\"color: #003366;\">\u00c0 la fin de la formation, les stagiaires seront capables d&rsquo;engager une action (revendicative) plus efficace sur les augmentations de salaires.<\/span><\/h5>\n<hr \/>\n<p><a href=\"https:\/\/formationsyndicale.cgt.fr\/wp-content\/uploads\/2024\/12\/FD-salaire-mars-2024.docx\">FD salaire mars 2024<\/a><\/p>\n<p>&nbsp;<\/p>","excerpt":"","slug":"n0192-2025-salaires","image":false,"all_day":false,"start_date":"2025-03-24 08:00:00","start_date_details":{"year":"2025","month":"03","day":"24","hour":"08","minutes":"00","seconds":"00"},"end_date":"2025-03-28 17:00:00","end_date_details":{"year":"2025","month":"03","day":"28","hour":"17","minutes":"00","seconds":"00"},"utc_start_date":"2025-03-24 07:00:00","utc_start_date_details":{"year":"2025","month":"03","day":"24","hour":"07","minutes":"00","seconds":"00"},"utc_end_date":"2025-03-28 16:00:00","utc_end_date_details":{"year":"2025","month":"03","day":"28","hour":"16","minutes":"00","seconds":"00"},"timezone":"Europe\/Paris","timezone_abbr":"CET","cost":"","cost_details":{"currency_symbol":"\u20ac","currency_code":"EUR","currency_position":"suffix","values":[]},"website":"","show_map":true,"show_map_link":true,"hide_from_listings":false,"sticky":false,"featured":false,"categories":[{"name":"Outiller \u00e0 la responsabilit\u00e9","slug":"outiller-responsabilite","term_group":0,"term_taxonomy_id":40,"taxonomy":"tribe_events_cat","description":"","parent":0,"count":26,"filter":"raw","id":40,"urls":{"self":"https:\/\/formationsyndicale.cgt.fr\/index.php?rest_route=\/tribe\/events\/v1\/categories\/40","collection":"https:\/\/formationsyndicale.cgt.fr\/index.php?rest_route=\/tribe\/events\/v1\/categories"}}],"tags":[],"venue":{"id":14,"author":"1","status":"publish","date":"2024-05-14 13:55:25","date_utc":"2024-05-14 11:55:25","modified":"2024-05-14 13:55:25","modified_utc":"2024-05-14 11:55:25","url":"https:\/\/formationsyndicale.cgt.fr\/?tribe_venue=centre-de-formation-syndicale-confederal-benoit-frachon","venue":"Centre de formation syndicale conf\u00e9d\u00e9ral Beno\u00eet Frachon","slug":"centre-de-formation-syndicale-confederal-benoit-frachon","address":"12 rue Fernand Leger","city":"Gif-sur-yvette","country":"France","province":"Essonne","zip":"91190","phone":"0169864000","website":"https:\/\/cbf.cgt.fr","stateprovince":"Essonne","json_ld":{"@type":"Place","name":"Centre de formation syndicale conf\u00e9d\u00e9ral Beno\u00eet Frachon","description":"","url":"","address":{"@type":"PostalAddress","streetAddress":"12 rue Fernand Leger","addressLocality":"Gif-sur-yvette","addressRegion":"Essonne","postalCode":"91190","addressCountry":"France"},"telephone":"0169864000","sameAs":"https:\/\/cbf.cgt.fr"},"show_map":true,"show_map_link":true,"global_id":"formationsyndicale.cgt.fr?id=14","global_id_lineage":["formationsyndicale.cgt.fr?id=14"]},"organizer":[{"id":186,"author":"3","status":"publish","date":"2024-10-24 09:56:03","date_utc":"0000-00-00 00:00:00","modified":"2024-10-24 09:56:03","modified_utc":"0000-00-00 00:00:00","url":"https:\/\/formationsyndicale.cgt.fr\/?tribe_organizer=espace-revendicatif-pole-emploi-garanties-collectives","organizer":"Espace revendicatif &#8211; P\u00f4le emploi \/ Garanties collectives","slug":"espace-revendicatif-pole-emploi-garanties-collectives","json_ld":{"@type":"Person","name":"Espace revendicatif &#8211; P\u00f4le emploi \/ Garanties collectives","description":"","url":"","telephone":"","email":"","sameAs":""},"global_id":"formationsyndicale.cgt.fr?id=186","global_id_lineage":["formationsyndicale.cgt.fr?id=186"]}],"custom_fields":[],"json_ld":{"@context":"http:\/\/schema.org","@type":"Event","name":"N\u00b00192\/2025 &#8211; Salaires","description":"&lt;p&gt;FC salaire mars 2024Public concern\u00e9 N\u00e9gociateur.rice.s de branche, d\u2019entreprise, secr\u00e9taires g\u00e9n\u00e9rales.aux \u00a0de syndicat. Objectifs de la formation \u00c0 la fin de la formation, les stagiaires seront capables d\\'engager une action&hellip;&nbsp;&lt;a href=&quot;https:\/\/formationsyndicale.cgt.fr\/?tribe_events=n0192-2025-salaires&quot; rel=&quot;bookmark&quot;&gt;&lt;span class=&quot;screen-reader-text&quot;&gt;N\u00b00192\/2025 &#8211; Salaires&lt;\/span&gt;&lt;\/a&gt;&lt;\/p&gt;\\n","url":"https:\/\/formationsyndicale.cgt.fr\/?tribe_events=n0192-2025-salaires","eventAttendanceMode":"https:\/\/schema.org\/OfflineEventAttendanceMode","eventStatus":"https:\/\/schema.org\/EventScheduled","startDate":"2025-03-24T08:00:00+01:00","endDate":"2025-03-28T17:00:00+01:00","location":{"@type":"Place","name":"Centre de formation syndicale conf\u00e9d\u00e9ral Beno\u00eet Frachon","description":"","url":"","address":{"@type":"PostalAddress","streetAddress":"12 rue Fernand Leger","addressLocality":"Gif-sur-yvette","addressRegion":"Essonne","postalCode":"91190","addressCountry":"France"},"telephone":"0169864000","sameAs":"https:\/\/cbf.cgt.fr"},"organizer":{"@type":"Person","name":"Espace revendicatif &#8211; P\u00f4le emploi \/ Garanties collectives","description":"","url":"","telephone":"","email":"","sameAs":""},"performer":"Organization"}}