{"id":608,"global_id":"formationsyndicale.cgt.fr?id=608","global_id_lineage":["formationsyndicale.cgt.fr?id=608"],"author":"3","status":"publish","date":"2024-12-04 16:50:14","date_utc":"2024-12-04 15:50:14","modified":"2024-12-04 16:50:14","modified_utc":"2024-12-04 15:50:14","url":"https:\/\/formationsyndicale.cgt.fr\/?tribe_events=n-nat-024-2025-prudis-presidence-et-vice-presidence-de-cph-et-de-section","rest_url":"https:\/\/formationsyndicale.cgt.fr\/index.php?rest_route=\/tribe\/events\/v1\/events\/608","title":"N\u00b0 NAT-024\/2025 &#8211; PRUDIS &#8211; Pr\u00e9sidence et vice-pr\u00e9sidence de CPH et de section","description":"<h4><span style=\"color: #003366;\">Public <\/span><\/h4>\n<h5><span style=\"color: #003366;\">Les pr\u00e9sident.e.s et vice-pr\u00e9sident.e.s de conseil, de section des conseils de Prud\u2019hommes nouvellement d\u00e9sign\u00e9.e.s ou en passe de le devenir.<\/span><\/h5>\n<hr \/>\n<h4><span style=\"color: #003366;\">Les objectifs de formation <\/span><\/h4>\n<h5><span style=\"color: #003366;\">Les stagiaires seront outill\u00e9.e.s pour exercer leur responsabilit\u00e9 de pr\u00e9sident.e ou vice-pr\u00e9sident.e \u00a0de conseil, de section avec la conception CGT du mandat.<\/span><\/h5>\n<hr \/>\n<h5><a href=\"https:\/\/formationsyndicale.cgt.fr\/wp-content\/uploads\/2024\/12\/2025-024-FD-presidence-vice-presidence-CPH-et-section.docx\">2025 024 FD presidence vice presidence CPH et section<\/a><\/h5>\n<h5><a href=\"https:\/\/formationsyndicale.cgt.fr\/wp-content\/uploads\/2024\/12\/2025-024-FC-Presidence-et-Vice-Presidence-de-CPH-et-de-section.doc\">2025 024 FC Pr\u00e9sidence et Vice-Pr\u00e9sidence de CPH et de section<\/a><\/h5>","excerpt":"","slug":"n-nat-024-2025-prudis-presidence-et-vice-presidence-de-cph-et-de-section","image":false,"all_day":false,"start_date":"2025-11-24 08:00:00","start_date_details":{"year":"2025","month":"11","day":"24","hour":"08","minutes":"00","seconds":"00"},"end_date":"2025-11-28 17:00:00","end_date_details":{"year":"2025","month":"11","day":"28","hour":"17","minutes":"00","seconds":"00"},"utc_start_date":"2025-11-24 07:00:00","utc_start_date_details":{"year":"2025","month":"11","day":"24","hour":"07","minutes":"00","seconds":"00"},"utc_end_date":"2025-11-28 16:00:00","utc_end_date_details":{"year":"2025","month":"11","day":"28","hour":"16","minutes":"00","seconds":"00"},"timezone":"Europe\/Paris","timezone_abbr":"CET","cost":"","cost_details":{"currency_symbol":"\u20ac","currency_code":"EUR","currency_position":"suffix","values":[]},"website":"","show_map":true,"show_map_link":true,"hide_from_listings":false,"sticky":false,"featured":false,"categories":[{"name":"Outiller au mandat","slug":"outiller-mandat","term_group":0,"term_taxonomy_id":39,"taxonomy":"tribe_events_cat","description":"","parent":0,"count":25,"filter":"raw","id":39,"urls":{"self":"https:\/\/formationsyndicale.cgt.fr\/index.php?rest_route=\/tribe\/events\/v1\/categories\/39","collection":"https:\/\/formationsyndicale.cgt.fr\/index.php?rest_route=\/tribe\/events\/v1\/categories"}}],"tags":[],"venue":{"id":14,"author":"1","status":"publish","date":"2024-05-14 13:55:25","date_utc":"2024-05-14 11:55:25","modified":"2024-05-14 13:55:25","modified_utc":"2024-05-14 11:55:25","url":"https:\/\/formationsyndicale.cgt.fr\/?tribe_venue=centre-de-formation-syndicale-confederal-benoit-frachon","venue":"Centre de formation syndicale conf\u00e9d\u00e9ral Beno\u00eet Frachon","slug":"centre-de-formation-syndicale-confederal-benoit-frachon","address":"12 rue Fernand Leger","city":"Gif-sur-yvette","country":"France","province":"Essonne","zip":"91190","phone":"0169864000","website":"https:\/\/cbf.cgt.fr","stateprovince":"Essonne","json_ld":{"@type":"Place","name":"Centre de formation syndicale conf\u00e9d\u00e9ral Beno\u00eet Frachon","description":"","url":"","address":{"@type":"PostalAddress","streetAddress":"12 rue Fernand Leger","addressLocality":"Gif-sur-yvette","addressRegion":"Essonne","postalCode":"91190","addressCountry":"France"},"telephone":"0169864000","sameAs":"https:\/\/cbf.cgt.fr"},"show_map":true,"show_map_link":true,"global_id":"formationsyndicale.cgt.fr?id=14","global_id_lineage":["formationsyndicale.cgt.fr?id=14"]},"organizer":[{"id":224,"author":"3","status":"publish","date":"2024-10-24 15:28:18","date_utc":"2024-10-24 13:28:18","modified":"2025-11-17 15:09:07","modified_utc":"2025-11-17 14:09:07","url":"https:\/\/formationsyndicale.cgt.fr\/?tribe_organizer=espace-vie-syndicale-pole-formation-syndicale-prudis","organizer":"Espace vie syndicale &#8211; P\u00f4le formation syndicale &#8211; Prudis","slug":"espace-vie-syndicale-pole-formation-syndicale-prudis","phone":"01 55 82 82 16","website":"http:\/\/www.cgt.fr","email":"prudis@cgt.org","json_ld":{"@type":"Person","name":"Espace vie syndicale &#8211; P\u00f4le formation syndicale &#8211; Prudis","description":"","url":"http:\/\/www.cgt.fr","telephone":"01 55 82 82 16","email":"pr&#117;&#100;is&#64;cg&#116;.org","sameAs":"http:\/\/www.cgt.fr"},"global_id":"formationsyndicale.cgt.fr?id=224","global_id_lineage":["formationsyndicale.cgt.fr?id=224"]}],"custom_fields":[],"json_ld":{"@context":"http:\/\/schema.org","@type":"Event","name":"N\u00b0 NAT-024\/2025 &#8211; PRUDIS &#8211; Pr\u00e9sidence et vice-pr\u00e9sidence de CPH et de section","description":"&lt;p&gt;Public Les pr\u00e9sident.e.s et vice-pr\u00e9sident.e.s de conseil, de section des conseils de Prud\u2019hommes nouvellement d\u00e9sign\u00e9.e.s ou en passe de le devenir. Les objectifs de formation Les stagiaires seront outill\u00e9.e.s pour&hellip;&nbsp;&lt;a href=&quot;https:\/\/formationsyndicale.cgt.fr\/?tribe_events=n-nat-024-2025-prudis-presidence-et-vice-presidence-de-cph-et-de-section&quot; rel=&quot;bookmark&quot;&gt;&lt;span class=&quot;screen-reader-text&quot;&gt;N\u00b0 NAT-024\/2025 &#8211; PRUDIS &#8211; Pr\u00e9sidence et vice-pr\u00e9sidence de CPH et de section&lt;\/span&gt;&lt;\/a&gt;&lt;\/p&gt;\\n","url":"https:\/\/formationsyndicale.cgt.fr\/?tribe_events=n-nat-024-2025-prudis-presidence-et-vice-presidence-de-cph-et-de-section","eventAttendanceMode":"https:\/\/schema.org\/OfflineEventAttendanceMode","eventStatus":"https:\/\/schema.org\/EventScheduled","startDate":"2025-11-24T08:00:00+01:00","endDate":"2025-11-28T17:00:00+01:00","location":{"@type":"Place","name":"Centre de formation syndicale conf\u00e9d\u00e9ral Beno\u00eet Frachon","description":"","url":"","address":{"@type":"PostalAddress","streetAddress":"12 rue Fernand Leger","addressLocality":"Gif-sur-yvette","addressRegion":"Essonne","postalCode":"91190","addressCountry":"France"},"telephone":"0169864000","sameAs":"https:\/\/cbf.cgt.fr"},"organizer":{"@type":"Person","name":"Espace vie syndicale &#8211; P\u00f4le formation syndicale &#8211; Prudis","description":"","url":"http:\/\/www.cgt.fr","telephone":"01 55 82 82 16","email":"&#112;&#114;&#117;&#100;is&#64;&#99;gt&#46;&#111;&#114;&#103;","sameAs":"http:\/\/www.cgt.fr"},"performer":"Organization"}}