{"id":597,"global_id":"formationsyndicale.cgt.fr?id=597","global_id_lineage":["formationsyndicale.cgt.fr?id=597"],"author":"3","status":"publish","date":"2024-12-04 16:41:38","date_utc":"2024-12-04 15:41:38","modified":"2024-12-04 16:50:43","modified_utc":"2024-12-04 15:50:43","url":"https:\/\/formationsyndicale.cgt.fr\/?tribe_events=n-nat-022-2025-prudis-le-droit-international-et-europeen","rest_url":"https:\/\/formationsyndicale.cgt.fr\/index.php?rest_route=\/tribe\/events\/v1\/events\/597","title":"N\u00b0 NAT-022\/2025 &#8211; PRUDIS &#8211; Le droit international et europ\u00e9en","description":"<h4><span style=\"color: #003366;\">Public<\/span><\/h4>\n<h5><span style=\"color: #003366;\">Les conseiller.\u00e8re.s prud&rsquo;hommes mandat\u00e9.e.s par leur Union D\u00e9partementale et ayant suivi le cursus de formation PRUDIS jusqu&rsquo;\u00e0 la session 3 module 2 incluse.<\/span><\/h5>\n<hr \/>\n<h4><span style=\"color: #003366;\">Les objectifs de formation<\/span><\/h4>\n<h5><span style=\"color: #003366;\">Les stagiaires seront outill\u00e9.e.s pour distinguer les normes internationales et europ\u00e9ennes qui leur permettent de trancher un litige au CPH.<\/span><\/h5>\n<hr \/>\n<h5><a href=\"https:\/\/formationsyndicale.cgt.fr\/wp-content\/uploads\/2024\/12\/2025-022-FD-droit-internationnal-et-europen.docx\">2025 022 FD droit internationnal et europen<\/a><\/h5>\n<h5><a href=\"https:\/\/formationsyndicale.cgt.fr\/wp-content\/uploads\/2024\/12\/2025-022-FC-droit-inter-et-europeen.doc\">2025 022 FC droit inter et europeen<\/a><\/h5>","excerpt":"","slug":"n-nat-022-2025-prudis-le-droit-international-et-europeen","image":false,"all_day":false,"start_date":"2025-10-20 08:00:00","start_date_details":{"year":"2025","month":"10","day":"20","hour":"08","minutes":"00","seconds":"00"},"end_date":"2025-10-24 17:00:00","end_date_details":{"year":"2025","month":"10","day":"24","hour":"17","minutes":"00","seconds":"00"},"utc_start_date":"2025-10-20 06:00:00","utc_start_date_details":{"year":"2025","month":"10","day":"20","hour":"06","minutes":"00","seconds":"00"},"utc_end_date":"2025-10-24 15:00:00","utc_end_date_details":{"year":"2025","month":"10","day":"24","hour":"15","minutes":"00","seconds":"00"},"timezone":"Europe\/Paris","timezone_abbr":"CEST","cost":"","cost_details":{"currency_symbol":"\u20ac","currency_code":"EUR","currency_position":"suffix","values":[]},"website":"","show_map":true,"show_map_link":true,"hide_from_listings":false,"sticky":false,"featured":false,"categories":[{"name":"Outiller au mandat","slug":"outiller-mandat","term_group":0,"term_taxonomy_id":39,"taxonomy":"tribe_events_cat","description":"","parent":0,"count":25,"filter":"raw","id":39,"urls":{"self":"https:\/\/formationsyndicale.cgt.fr\/index.php?rest_route=\/tribe\/events\/v1\/categories\/39","collection":"https:\/\/formationsyndicale.cgt.fr\/index.php?rest_route=\/tribe\/events\/v1\/categories"}}],"tags":[],"venue":{"id":14,"author":"1","status":"publish","date":"2024-05-14 13:55:25","date_utc":"2024-05-14 11:55:25","modified":"2024-05-14 13:55:25","modified_utc":"2024-05-14 11:55:25","url":"https:\/\/formationsyndicale.cgt.fr\/?tribe_venue=centre-de-formation-syndicale-confederal-benoit-frachon","venue":"Centre de formation syndicale conf\u00e9d\u00e9ral Beno\u00eet Frachon","slug":"centre-de-formation-syndicale-confederal-benoit-frachon","address":"12 rue Fernand Leger","city":"Gif-sur-yvette","country":"France","province":"Essonne","zip":"91190","phone":"0169864000","website":"https:\/\/cbf.cgt.fr","stateprovince":"Essonne","json_ld":{"@type":"Place","name":"Centre de formation syndicale conf\u00e9d\u00e9ral Beno\u00eet Frachon","description":"","url":"","address":{"@type":"PostalAddress","streetAddress":"12 rue Fernand Leger","addressLocality":"Gif-sur-yvette","addressRegion":"Essonne","postalCode":"91190","addressCountry":"France"},"telephone":"0169864000","sameAs":"https:\/\/cbf.cgt.fr"},"show_map":true,"show_map_link":true,"global_id":"formationsyndicale.cgt.fr?id=14","global_id_lineage":["formationsyndicale.cgt.fr?id=14"]},"organizer":[{"id":224,"author":"3","status":"publish","date":"2024-10-24 15:28:18","date_utc":"2024-10-24 13:28:18","modified":"2025-11-17 15:09:07","modified_utc":"2025-11-17 14:09:07","url":"https:\/\/formationsyndicale.cgt.fr\/?tribe_organizer=espace-vie-syndicale-pole-formation-syndicale-prudis","organizer":"Espace vie syndicale &#8211; P\u00f4le formation syndicale &#8211; Prudis","slug":"espace-vie-syndicale-pole-formation-syndicale-prudis","phone":"01 55 82 82 16","website":"http:\/\/www.cgt.fr","email":"prudis@cgt.org","json_ld":{"@type":"Person","name":"Espace vie syndicale &#8211; P\u00f4le formation syndicale &#8211; Prudis","description":"","url":"http:\/\/www.cgt.fr","telephone":"01 55 82 82 16","email":"&#112;rudi&#115;&#64;&#99;&#103;t&#46;o&#114;&#103;","sameAs":"http:\/\/www.cgt.fr"},"global_id":"formationsyndicale.cgt.fr?id=224","global_id_lineage":["formationsyndicale.cgt.fr?id=224"]}],"custom_fields":[],"json_ld":{"@context":"http:\/\/schema.org","@type":"Event","name":"N\u00b0 NAT-022\/2025 &#8211; PRUDIS &#8211; Le droit international et europ\u00e9en","description":"&lt;p&gt;Public Les conseiller.\u00e8re.s prud\\'hommes mandat\u00e9.e.s par leur Union D\u00e9partementale et ayant suivi le cursus de formation PRUDIS jusqu\\'\u00e0 la session 3 module 2 incluse. Les objectifs de formation Les stagiaires&hellip;&nbsp;&lt;a href=&quot;https:\/\/formationsyndicale.cgt.fr\/?tribe_events=n-nat-022-2025-prudis-le-droit-international-et-europeen&quot; rel=&quot;bookmark&quot;&gt;&lt;span class=&quot;screen-reader-text&quot;&gt;N\u00b0 NAT-022\/2025 &#8211; PRUDIS &#8211; Le droit international et europ\u00e9en&lt;\/span&gt;&lt;\/a&gt;&lt;\/p&gt;\\n","url":"https:\/\/formationsyndicale.cgt.fr\/?tribe_events=n-nat-022-2025-prudis-le-droit-international-et-europeen","eventAttendanceMode":"https:\/\/schema.org\/OfflineEventAttendanceMode","eventStatus":"https:\/\/schema.org\/EventScheduled","startDate":"2025-10-20T08:00:00+02:00","endDate":"2025-10-24T17:00:00+02:00","location":{"@type":"Place","name":"Centre de formation syndicale conf\u00e9d\u00e9ral Beno\u00eet Frachon","description":"","url":"","address":{"@type":"PostalAddress","streetAddress":"12 rue Fernand Leger","addressLocality":"Gif-sur-yvette","addressRegion":"Essonne","postalCode":"91190","addressCountry":"France"},"telephone":"0169864000","sameAs":"https:\/\/cbf.cgt.fr"},"organizer":{"@type":"Person","name":"Espace vie syndicale &#8211; P\u00f4le formation syndicale &#8211; Prudis","description":"","url":"http:\/\/www.cgt.fr","telephone":"01 55 82 82 16","email":"p&#114;&#117;dis&#64;cg&#116;&#46;org","sameAs":"http:\/\/www.cgt.fr"},"performer":"Organization"}}