{"id":593,"global_id":"formationsyndicale.cgt.fr?id=593","global_id_lineage":["formationsyndicale.cgt.fr?id=593"],"author":"3","status":"publish","date":"2024-12-04 16:36:16","date_utc":"2024-12-04 15:36:16","modified":"2024-12-04 16:51:16","modified_utc":"2024-12-04 15:51:16","url":"https:\/\/formationsyndicale.cgt.fr\/?tribe_events=n-nat-020-2025-prudis-harcelement-module-2","rest_url":"https:\/\/formationsyndicale.cgt.fr\/index.php?rest_route=\/tribe\/events\/v1\/events\/593","title":"N\u00b0 NAT-020\/2025 &#8211; PRUDIS &#8211; Harc\u00e8lement \/ Module 2","description":"<h4><span style=\"color: #003366;\">Public<\/span><\/h4>\n<h5><span style=\"color: #003366;\">Les Conseill\u00e8res et conseillers Prud\u2019hommes d\u00e9sign\u00e9.e.s par leur Union D\u00e9partementale et ayant suivi le cursus PRUDIS jusqu\u2019\u00e0 la session 3-module 2 incluse.<\/span><\/h5>\n<hr \/>\n<h4><span style=\"color: #003366;\">Les objectifs de formation<\/span><\/h4>\n<h5><span style=\"color: #003366;\">Les stagiaires seront outill\u00e9s pour expliquer leur r\u00f4le et les contr\u00f4les qu\u2019ils ont \u00e0 effectuer en tant que conseiller.\u00e8re.s prud\u2019hommes sur les litiges portant des \u00e9l\u00e9ments de harc\u00e8lement au travail.<\/span><\/h5>\n<hr \/>\n<h5><a href=\"https:\/\/formationsyndicale.cgt.fr\/wp-content\/uploads\/2024\/12\/2025-020-FD-Harcelement-Module-2.docx\">2025 020 FD Harcelement Module 2<\/a><\/h5>\n<h5><a href=\"https:\/\/formationsyndicale.cgt.fr\/wp-content\/uploads\/2024\/12\/2025-020-FC-Harcelement-Module-2.doc\">2025 020 FC Harcelement Module 2<\/a><\/h5>","excerpt":"","slug":"n-nat-020-2025-prudis-harcelement-module-2","image":false,"all_day":false,"start_date":"2025-09-22 08:00:00","start_date_details":{"year":"2025","month":"09","day":"22","hour":"08","minutes":"00","seconds":"00"},"end_date":"2025-09-26 17:00:00","end_date_details":{"year":"2025","month":"09","day":"26","hour":"17","minutes":"00","seconds":"00"},"utc_start_date":"2025-09-22 06:00:00","utc_start_date_details":{"year":"2025","month":"09","day":"22","hour":"06","minutes":"00","seconds":"00"},"utc_end_date":"2025-09-26 15:00:00","utc_end_date_details":{"year":"2025","month":"09","day":"26","hour":"15","minutes":"00","seconds":"00"},"timezone":"Europe\/Paris","timezone_abbr":"CEST","cost":"","cost_details":{"currency_symbol":"\u20ac","currency_code":"EUR","currency_position":"suffix","values":[]},"website":"","show_map":true,"show_map_link":true,"hide_from_listings":false,"sticky":false,"featured":false,"categories":[{"name":"Outiller au mandat","slug":"outiller-mandat","term_group":0,"term_taxonomy_id":39,"taxonomy":"tribe_events_cat","description":"","parent":0,"count":25,"filter":"raw","id":39,"urls":{"self":"https:\/\/formationsyndicale.cgt.fr\/index.php?rest_route=\/tribe\/events\/v1\/categories\/39","collection":"https:\/\/formationsyndicale.cgt.fr\/index.php?rest_route=\/tribe\/events\/v1\/categories"}}],"tags":[],"venue":{"id":122,"author":"2","status":"publish","date":"2024-08-28 13:08:20","date_utc":"2024-08-28 11:08:20","modified":"2024-08-28 13:08:20","modified_utc":"2024-08-28 11:08:20","url":"https:\/\/formationsyndicale.cgt.fr\/?tribe_venue=isst-bourg-la-reine","venue":"ISST Bourg-la-Reine","description":"<p><a title=\"Universit\u00e9 Paris 1 Panth\u00e9on-Sorbonne\" href=\"https:\/\/www.pantheonsorbonne.fr\" target=\"_blank\" rel=\"noopener noreferrer\">Universit\u00e9 Paris 1 Panth\u00e9on-Sorbonne<\/a><\/p>\n<p>Nos missions : former les militants syndicaux et de compl\u00e9ter leur exp\u00e9rience par un enseignement de niveau universitaire<\/p>\n<menu id=\"fcltHTML5Menu1\" type=\"context\"><\/menu>","slug":"isst-bourg-la-reine","address":"16, boulevard Carnot","city":"Bourg-la-Reine","country":"France","province":"\u00cele-de-France","zip":"92340","phone":"+33179419000","website":"https:\/\/isst.pantheonsorbonne.fr\/","stateprovince":"\u00cele-de-France","json_ld":{"@type":"Place","name":"ISST Bourg-la-Reine","description":"&lt;p&gt;Universit\u00e9 Paris 1 Panth\u00e9on-Sorbonne Nos missions : former les militants syndicaux et de compl\u00e9ter leur exp\u00e9rience par un enseignement de niveau universitaire&lt;\/p&gt;\\n","url":"","address":{"@type":"PostalAddress","streetAddress":"16, boulevard Carnot","addressLocality":"Bourg-la-Reine","addressRegion":"\u00cele-de-France","postalCode":"92340","addressCountry":"France"},"telephone":"+33179419000","sameAs":"https:\/\/isst.pantheonsorbonne.fr\/"},"show_map":true,"show_map_link":true,"global_id":"formationsyndicale.cgt.fr?id=122","global_id_lineage":["formationsyndicale.cgt.fr?id=122"]},"organizer":[{"id":224,"author":"3","status":"publish","date":"2024-10-24 15:28:18","date_utc":"2024-10-24 13:28:18","modified":"2025-11-17 15:09:07","modified_utc":"2025-11-17 14:09:07","url":"https:\/\/formationsyndicale.cgt.fr\/?tribe_organizer=espace-vie-syndicale-pole-formation-syndicale-prudis","organizer":"Espace vie syndicale &#8211; P\u00f4le formation syndicale &#8211; Prudis","slug":"espace-vie-syndicale-pole-formation-syndicale-prudis","phone":"01 55 82 82 16","website":"http:\/\/www.cgt.fr","email":"prudis@cgt.org","json_ld":{"@type":"Person","name":"Espace vie syndicale &#8211; P\u00f4le formation syndicale &#8211; Prudis","description":"","url":"http:\/\/www.cgt.fr","telephone":"01 55 82 82 16","email":"&#112;r&#117;&#100;is&#64;&#99;gt.or&#103;","sameAs":"http:\/\/www.cgt.fr"},"global_id":"formationsyndicale.cgt.fr?id=224","global_id_lineage":["formationsyndicale.cgt.fr?id=224"]}],"custom_fields":[],"json_ld":{"@context":"http:\/\/schema.org","@type":"Event","name":"N\u00b0 NAT-020\/2025 &#8211; PRUDIS &#8211; Harc\u00e8lement \/ Module 2","description":"&lt;p&gt;Public Les Conseill\u00e8res et conseillers Prud\u2019hommes d\u00e9sign\u00e9.e.s par leur Union D\u00e9partementale et ayant suivi le cursus PRUDIS jusqu\u2019\u00e0 la session 3-module 2 incluse. Les objectifs de formation Les stagiaires seront&hellip;&nbsp;&lt;a href=&quot;https:\/\/formationsyndicale.cgt.fr\/?tribe_events=n-nat-020-2025-prudis-harcelement-module-2&quot; rel=&quot;bookmark&quot;&gt;&lt;span class=&quot;screen-reader-text&quot;&gt;N\u00b0 NAT-020\/2025 &#8211; PRUDIS &#8211; Harc\u00e8lement \/ Module 2&lt;\/span&gt;&lt;\/a&gt;&lt;\/p&gt;\\n","url":"https:\/\/formationsyndicale.cgt.fr\/?tribe_events=n-nat-020-2025-prudis-harcelement-module-2","eventAttendanceMode":"https:\/\/schema.org\/OfflineEventAttendanceMode","eventStatus":"https:\/\/schema.org\/EventScheduled","startDate":"2025-09-22T08:00:00+02:00","endDate":"2025-09-26T17:00:00+02:00","location":{"@type":"Place","name":"ISST Bourg-la-Reine","description":"&lt;p&gt;Universit\u00e9 Paris 1 Panth\u00e9on-Sorbonne Nos missions : former les militants syndicaux et de compl\u00e9ter leur exp\u00e9rience par un enseignement de niveau universitaire&lt;\/p&gt;\\n","url":"","address":{"@type":"PostalAddress","streetAddress":"16, boulevard Carnot","addressLocality":"Bourg-la-Reine","addressRegion":"\u00cele-de-France","postalCode":"92340","addressCountry":"France"},"telephone":"+33179419000","sameAs":"https:\/\/isst.pantheonsorbonne.fr\/"},"organizer":{"@type":"Person","name":"Espace vie syndicale &#8211; P\u00f4le formation syndicale &#8211; Prudis","description":"","url":"http:\/\/www.cgt.fr","telephone":"01 55 82 82 16","email":"&#112;&#114;u&#100;i&#115;&#64;c&#103;t&#46;&#111;r&#103;","sameAs":"http:\/\/www.cgt.fr"},"performer":"Organization"}}