{"id":579,"global_id":"formationsyndicale.cgt.fr?id=579","global_id_lineage":["formationsyndicale.cgt.fr?id=579"],"author":"3","status":"publish","date":"2024-12-04 16:17:44","date_utc":"2024-12-04 15:17:44","modified":"2024-12-04 16:52:08","modified_utc":"2024-12-04 15:52:08","url":"https:\/\/formationsyndicale.cgt.fr\/?tribe_events=nat-018-2025-prudis-le-licenciement-economique","rest_url":"https:\/\/formationsyndicale.cgt.fr\/index.php?rest_route=\/tribe\/events\/v1\/events\/579","title":"N\u00b0 NAT-018\/2025 &#8211; Prudis &#8211; Le licenciement \u00e9conomique","description":"<h4><span style=\"color: #003366;\">Public<\/span><\/h4>\n<h5><span style=\"color: #003366;\">Les conseiller.\u00e8re.s prud&rsquo;hommes mandat\u00e9.e.s par leur Union D\u00e9partementale et ayant suivi le cursus de formation PRUDIS jusqu&rsquo;\u00e0 la session 3 module 2 incluse.<\/span><\/h5>\n<hr \/>\n<h4><span style=\"color: #003366;\">Les objectifs de formation <\/span><\/h4>\n<h5><span style=\"color: #003366;\">Les stagiaires seront capables d&rsquo;expliquer les v\u00e9rifications qu\u2019ils ont \u00e0 effectuer en tant que conseiller.\u00e8re prud&rsquo;homme en cas de licenciement \u00e9conomique individuel, ainsi que d\u2019expliquer la sanction correspondante aux irr\u00e9gularit\u00e9s \u00e9ventuellement constat\u00e9es lors de ces v\u00e9rifications.<\/span><\/h5>\n<hr \/>\n<h5><a href=\"https:\/\/formationsyndicale.cgt.fr\/wp-content\/uploads\/2024\/12\/2025-018-FD-Licenciement-eco-indi.docx\">2025 018 FD Licenciement eco indi<\/a><\/h5>\n<h5><a href=\"https:\/\/formationsyndicale.cgt.fr\/wp-content\/uploads\/2024\/12\/2025-018-FC-Licenciement-Economique-Individuel.doc\">2025 018 FC Licenciement Economique Individuel<\/a><\/h5>","excerpt":"","slug":"nat-018-2025-prudis-le-licenciement-economique","image":false,"all_day":false,"start_date":"2025-09-15 08:00:00","start_date_details":{"year":"2025","month":"09","day":"15","hour":"08","minutes":"00","seconds":"00"},"end_date":"2025-09-19 17:00:00","end_date_details":{"year":"2025","month":"09","day":"19","hour":"17","minutes":"00","seconds":"00"},"utc_start_date":"2025-09-15 06:00:00","utc_start_date_details":{"year":"2025","month":"09","day":"15","hour":"06","minutes":"00","seconds":"00"},"utc_end_date":"2025-09-19 15:00:00","utc_end_date_details":{"year":"2025","month":"09","day":"19","hour":"15","minutes":"00","seconds":"00"},"timezone":"Europe\/Paris","timezone_abbr":"CEST","cost":"","cost_details":{"currency_symbol":"\u20ac","currency_code":"EUR","currency_position":"suffix","values":[]},"website":"","show_map":true,"show_map_link":true,"hide_from_listings":false,"sticky":false,"featured":false,"categories":[{"name":"Outiller au mandat","slug":"outiller-mandat","term_group":0,"term_taxonomy_id":39,"taxonomy":"tribe_events_cat","description":"","parent":0,"count":25,"filter":"raw","id":39,"urls":{"self":"https:\/\/formationsyndicale.cgt.fr\/index.php?rest_route=\/tribe\/events\/v1\/categories\/39","collection":"https:\/\/formationsyndicale.cgt.fr\/index.php?rest_route=\/tribe\/events\/v1\/categories"}}],"tags":[],"venue":{"id":125,"author":"2","status":"publish","date":"2024-08-28 13:13:24","date_utc":"2024-08-28 11:13:24","modified":"2024-08-28 13:13:24","modified_utc":"2024-08-28 11:13:24","url":"https:\/\/formationsyndicale.cgt.fr\/?tribe_venue=institut-du-travail-universite-de-strasbourg","venue":"Institut du travail, Universit\u00e9 de Strasbourg","description":"<p>L\u2019Institut du travail de Strasbourg appartient au r\u00e9seau national des Instituts du travail.<\/p>","slug":"institut-du-travail-universite-de-strasbourg","address":"39 avenue de la For\u00eat Noire","city":"Strasbourg","country":"France","province":"Alsace","zip":"67000","phone":"+33368858700","website":"https:\/\/idt.unistra.fr\/","stateprovince":"Alsace","json_ld":{"@type":"Place","name":"Institut du travail, Universit\u00e9 de Strasbourg","description":"&lt;p&gt;L\u2019Institut du travail de Strasbourg appartient au r\u00e9seau national des Instituts du travail.&lt;\/p&gt;\\n","url":"","address":{"@type":"PostalAddress","streetAddress":"39 avenue de la For\u00eat Noire","addressLocality":"Strasbourg","addressRegion":"Alsace","postalCode":"67000","addressCountry":"France"},"telephone":"+33368858700","sameAs":"https:\/\/idt.unistra.fr\/"},"show_map":true,"show_map_link":true,"global_id":"formationsyndicale.cgt.fr?id=125","global_id_lineage":["formationsyndicale.cgt.fr?id=125"]},"organizer":[{"id":224,"author":"3","status":"publish","date":"2024-10-24 15:28:18","date_utc":"2024-10-24 13:28:18","modified":"2025-11-17 15:09:07","modified_utc":"2025-11-17 14:09:07","url":"https:\/\/formationsyndicale.cgt.fr\/?tribe_organizer=espace-vie-syndicale-pole-formation-syndicale-prudis","organizer":"Espace vie syndicale &#8211; P\u00f4le formation syndicale &#8211; Prudis","slug":"espace-vie-syndicale-pole-formation-syndicale-prudis","phone":"01 55 82 82 16","website":"http:\/\/www.cgt.fr","email":"prudis@cgt.org","json_ld":{"@type":"Person","name":"Espace vie syndicale &#8211; P\u00f4le formation syndicale &#8211; Prudis","description":"","url":"http:\/\/www.cgt.fr","telephone":"01 55 82 82 16","email":"&#112;&#114;&#117;dis&#64;&#99;&#103;&#116;&#46;o&#114;&#103;","sameAs":"http:\/\/www.cgt.fr"},"global_id":"formationsyndicale.cgt.fr?id=224","global_id_lineage":["formationsyndicale.cgt.fr?id=224"]}],"custom_fields":[],"json_ld":{"@context":"http:\/\/schema.org","@type":"Event","name":"N\u00b0 NAT-018\/2025 &#8211; Prudis &#8211; Le licenciement \u00e9conomique","description":"&lt;p&gt;Public Les conseiller.\u00e8re.s prud\\'hommes mandat\u00e9.e.s par leur Union D\u00e9partementale et ayant suivi le cursus de formation PRUDIS jusqu\\'\u00e0 la session 3 module 2 incluse. Les objectifs de formation Les stagiaires&hellip;&nbsp;&lt;a href=&quot;https:\/\/formationsyndicale.cgt.fr\/?tribe_events=nat-018-2025-prudis-le-licenciement-economique&quot; rel=&quot;bookmark&quot;&gt;&lt;span class=&quot;screen-reader-text&quot;&gt;N\u00b0 NAT-018\/2025 &#8211; Prudis &#8211; Le licenciement \u00e9conomique&lt;\/span&gt;&lt;\/a&gt;&lt;\/p&gt;\\n","url":"https:\/\/formationsyndicale.cgt.fr\/?tribe_events=nat-018-2025-prudis-le-licenciement-economique","eventAttendanceMode":"https:\/\/schema.org\/OfflineEventAttendanceMode","eventStatus":"https:\/\/schema.org\/EventScheduled","startDate":"2025-09-15T08:00:00+02:00","endDate":"2025-09-19T17:00:00+02:00","location":{"@type":"Place","name":"Institut du travail, Universit\u00e9 de Strasbourg","description":"&lt;p&gt;L\u2019Institut du travail de Strasbourg appartient au r\u00e9seau national des Instituts du travail.&lt;\/p&gt;\\n","url":"","address":{"@type":"PostalAddress","streetAddress":"39 avenue de la For\u00eat Noire","addressLocality":"Strasbourg","addressRegion":"Alsace","postalCode":"67000","addressCountry":"France"},"telephone":"+33368858700","sameAs":"https:\/\/idt.unistra.fr\/"},"organizer":{"@type":"Person","name":"Espace vie syndicale &#8211; P\u00f4le formation syndicale &#8211; Prudis","description":"","url":"http:\/\/www.cgt.fr","telephone":"01 55 82 82 16","email":"&#112;ru&#100;i&#115;&#64;c&#103;t&#46;org","sameAs":"http:\/\/www.cgt.fr"},"performer":"Organization"}}