{"id":578,"global_id":"formationsyndicale.cgt.fr?id=578","global_id_lineage":["formationsyndicale.cgt.fr?id=578"],"author":"3","status":"publish","date":"2025-02-10 10:52:45","date_utc":"2025-02-10 09:52:45","modified":"2025-05-07 14:56:16","modified_utc":"2025-05-07 12:56:16","url":"https:\/\/formationsyndicale.cgt.fr\/?tribe_events=n-0260-2025-premier%c2%b7ere%c2%b7s-dirigeant%c2%b7e%c2%b7s","rest_url":"https:\/\/formationsyndicale.cgt.fr\/index.php?rest_route=\/tribe\/events\/v1\/events\/578","title":"N\u00b0 0260\/2025 &#8211; Premier\u00b7\u00e8re\u00b7s dirigeant\u00b7e\u00b7s","description":"<h4><span style=\"color: #003366;\">Objectif du stage<\/span><\/h4>\n<h5><span style=\"color: #003366;\">Aider \u00e0 l\u2019exercice de la responsabilit\u00e9 de premier, premi\u00e8re dirigeant.e tant pour <\/span><br \/>\n<span style=\"color: #003366;\">un.e secr\u00e9taire g\u00e9n\u00e9ral.e \u00a0d\u2019une organisation du CCN que pour un.e membre de la commission ex\u00e9cutive conf\u00e9d\u00e9rale.<\/span><\/h5>\n<h5><span style=\"color: #003366;\">Il s\u2019agit \u00e0 la fois d\u2019un stage de formation permettant l\u2019acquisition de connaissances, et d\u2019un stage de co-\u00e9laboration.<\/span><\/h5>\n<hr \/>\n<h5><a href=\"https:\/\/formationsyndicale.cgt.fr\/wp-content\/uploads\/2025\/02\/FC-1ers-dirigeants-1125-1.docx\">FC &#8211; 1ers dirigeants &#8211; 1125<\/a><\/h5>","excerpt":"","slug":"n-0260-2025-premier%c2%b7ere%c2%b7s-dirigeant%c2%b7e%c2%b7s","image":false,"all_day":false,"start_date":"2025-11-25 00:00:00","start_date_details":{"year":"2025","month":"11","day":"25","hour":"00","minutes":"00","seconds":"00"},"end_date":"2025-11-28 00:00:00","end_date_details":{"year":"2025","month":"11","day":"28","hour":"00","minutes":"00","seconds":"00"},"utc_start_date":"2025-11-24 23:00:00","utc_start_date_details":{"year":"2025","month":"11","day":"24","hour":"23","minutes":"00","seconds":"00"},"utc_end_date":"2025-11-27 23:00:00","utc_end_date_details":{"year":"2025","month":"11","day":"27","hour":"23","minutes":"00","seconds":"00"},"timezone":"Europe\/Paris","timezone_abbr":"CET","cost":"","cost_details":{"currency_symbol":"\u20ac","currency_code":"EUR","currency_position":"suffix","values":[]},"website":"","show_map":false,"show_map_link":false,"hide_from_listings":false,"sticky":false,"featured":false,"categories":[],"tags":[],"venue":{"id":14,"author":"1","status":"publish","date":"2024-05-14 13:55:25","date_utc":"2024-05-14 11:55:25","modified":"2024-05-14 13:55:25","modified_utc":"2024-05-14 11:55:25","url":"https:\/\/formationsyndicale.cgt.fr\/?tribe_venue=centre-de-formation-syndicale-confederal-benoit-frachon","venue":"Centre de formation syndicale conf\u00e9d\u00e9ral Beno\u00eet Frachon","slug":"centre-de-formation-syndicale-confederal-benoit-frachon","address":"12 rue Fernand Leger","city":"Gif-sur-yvette","country":"France","province":"Essonne","zip":"91190","phone":"0169864000","website":"https:\/\/cbf.cgt.fr","stateprovince":"Essonne","json_ld":{"@type":"Place","name":"Centre de formation syndicale conf\u00e9d\u00e9ral Beno\u00eet Frachon","description":"","url":"","address":{"@type":"PostalAddress","streetAddress":"12 rue Fernand Leger","addressLocality":"Gif-sur-yvette","addressRegion":"Essonne","postalCode":"91190","addressCountry":"France"},"telephone":"0169864000","sameAs":"https:\/\/cbf.cgt.fr"},"show_map":true,"show_map_link":true,"global_id":"formationsyndicale.cgt.fr?id=14","global_id_lineage":["formationsyndicale.cgt.fr?id=14"]},"organizer":[{"id":217,"author":"3","status":"publish","date":"2024-10-24 13:51:41","date_utc":"2024-10-24 11:51:41","modified":"2025-11-17 15:17:09","modified_utc":"2025-11-17 14:17:09","url":"https:\/\/formationsyndicale.cgt.fr\/?tribe_organizer=espace-vie-syndicale-pole-formation-syndicale","organizer":"Espace vie syndicale &#8211; P\u00f4le formation syndicale","description":"<p><strong>La Formation syndicale Cgt<\/strong><\/p>\n<p>Espace vie syndicale<\/p>\n<p>263, rue de Paris<\/p>\n<p>Case 4-3<\/p>\n<p>93516 Montreuil Cedex<\/p>","slug":"espace-vie-syndicale-pole-formation-syndicale","phone":"01 55 82 82 09","website":"http:\/\/www.formationsyndicale.cgt.fr","email":"pole.formation@cgt.org","json_ld":{"@type":"Person","name":"Espace vie syndicale &#8211; P\u00f4le formation syndicale","description":"&lt;p&gt;La Formation syndicale Cgt Espace vie syndicale 263, rue de Paris Case 4-3 93516 Montreuil Cedex&lt;\/p&gt;\\n","url":"http:\/\/www.formationsyndicale.cgt.fr","telephone":"01 55 82 82 09","email":"p&#111;&#108;e&#46;&#102;&#111;r&#109;&#97;&#116;ion&#64;&#99;&#103;&#116;.o&#114;&#103;","sameAs":"http:\/\/www.formationsyndicale.cgt.fr"},"global_id":"formationsyndicale.cgt.fr?id=217","global_id_lineage":["formationsyndicale.cgt.fr?id=217"]}],"custom_fields":[],"json_ld":{"@context":"http:\/\/schema.org","@type":"Event","name":"N\u00b0 0260\/2025 &#8211; Premier\u00b7\u00e8re\u00b7s dirigeant\u00b7e\u00b7s","description":"&lt;p&gt;Objectif du stage Aider \u00e0 l\u2019exercice de la responsabilit\u00e9 de premier, premi\u00e8re dirigeant.e tant pour un.e secr\u00e9taire g\u00e9n\u00e9ral.e \u00a0d\u2019une organisation du CCN que pour un.e membre de la commission ex\u00e9cutive&hellip;&nbsp;&lt;a href=&quot;https:\/\/formationsyndicale.cgt.fr\/?tribe_events=n-0260-2025-premier%c2%b7ere%c2%b7s-dirigeant%c2%b7e%c2%b7s&quot; rel=&quot;bookmark&quot;&gt;&lt;span class=&quot;screen-reader-text&quot;&gt;N\u00b0 0260\/2025 &#8211; Premier\u00b7\u00e8re\u00b7s dirigeant\u00b7e\u00b7s&lt;\/span&gt;&lt;\/a&gt;&lt;\/p&gt;\\n","url":"https:\/\/formationsyndicale.cgt.fr\/?tribe_events=n-0260-2025-premier%c2%b7ere%c2%b7s-dirigeant%c2%b7e%c2%b7s","eventAttendanceMode":"https:\/\/schema.org\/OfflineEventAttendanceMode","eventStatus":"https:\/\/schema.org\/EventScheduled","startDate":"2025-11-25T00:00:00+01:00","endDate":"2025-11-28T00:00:00+01:00","location":{"@type":"Place","name":"Centre de formation syndicale conf\u00e9d\u00e9ral Beno\u00eet Frachon","description":"","url":"","address":{"@type":"PostalAddress","streetAddress":"12 rue Fernand Leger","addressLocality":"Gif-sur-yvette","addressRegion":"Essonne","postalCode":"91190","addressCountry":"France"},"telephone":"0169864000","sameAs":"https:\/\/cbf.cgt.fr"},"organizer":{"@type":"Person","name":"Espace vie syndicale &#8211; P\u00f4le formation syndicale","description":"&lt;p&gt;La Formation syndicale Cgt Espace vie syndicale 263, rue de Paris Case 4-3 93516 Montreuil Cedex&lt;\/p&gt;\\n","url":"http:\/\/www.formationsyndicale.cgt.fr","telephone":"01 55 82 82 09","email":"pol&#101;.&#102;&#111;rma&#116;i&#111;&#110;&#64;c&#103;t.o&#114;&#103;","sameAs":"http:\/\/www.formationsyndicale.cgt.fr"},"performer":"Organization"}}