{"id":570,"global_id":"formationsyndicale.cgt.fr?id=570","global_id_lineage":["formationsyndicale.cgt.fr?id=570"],"author":"3","status":"publish","date":"2024-12-04 15:45:25","date_utc":"2024-12-04 14:45:25","modified":"2025-04-23 09:32:41","modified_utc":"2025-04-23 07:32:41","url":"https:\/\/formationsyndicale.cgt.fr\/?tribe_events=n-0235-2025-animatrice-animateur-vie-syndicale","rest_url":"https:\/\/formationsyndicale.cgt.fr\/index.php?rest_route=\/tribe\/events\/v1\/events\/570","title":"N\u00b0 0235\/2025 &#8211; Animatrice animateur vie syndicale","description":"<h4><span style=\"color: #003366;\"><u>Les objectifs de formation<\/u> <\/span><\/h4>\n<h5><span style=\"color: #003366;\">\u00c0 l\u2019issue de cette formation, les stagiaires auront la capacit\u00e9 de d\u00e9finir le r\u00f4le et les missions de l\u2019animateur ou animatrice \u00e0 la Vie syndicale et d\u2019identifier les outils n\u00e9cessaires \u00e0 la r\u00e9alisation de ces missions.<\/span><\/h5>\n<hr \/>\n<h5><a href=\"https:\/\/formationsyndicale.cgt.fr\/wp-content\/uploads\/2024\/11\/Descriptif-AVS-decembre-2025.docx\">Descriptif AVS d\u00e9cembre 2025<\/a><\/h5>\n<h5><a href=\"https:\/\/formationsyndicale.cgt.fr\/wp-content\/uploads\/2024\/12\/FC-Stage-AVS-1-5-1225.docx\">FC &#8211; Stage AVS &#8211; 1-5-1225<\/a><\/h5>\n<p>&nbsp;<\/p>","excerpt":"","slug":"n-0235-2025-animatrice-animateur-vie-syndicale","image":false,"all_day":false,"start_date":"2025-12-01 08:00:00","start_date_details":{"year":"2025","month":"12","day":"01","hour":"08","minutes":"00","seconds":"00"},"end_date":"2025-12-05 17:00:00","end_date_details":{"year":"2025","month":"12","day":"05","hour":"17","minutes":"00","seconds":"00"},"utc_start_date":"2025-12-01 07:00:00","utc_start_date_details":{"year":"2025","month":"12","day":"01","hour":"07","minutes":"00","seconds":"00"},"utc_end_date":"2025-12-05 16:00:00","utc_end_date_details":{"year":"2025","month":"12","day":"05","hour":"16","minutes":"00","seconds":"00"},"timezone":"Europe\/Paris","timezone_abbr":"CET","cost":"","cost_details":{"currency_symbol":"\u20ac","currency_code":"EUR\t\t\t\t\t\t\tclass=\t\t\t\t\t\t\tclass=\t\t\t\t\t\t\tclass=","currency_position":"suffix","values":[]},"website":"","show_map":true,"show_map_link":true,"hide_from_listings":false,"sticky":false,"featured":false,"categories":[{"name":"Outiller \u00e0 la responsabilit\u00e9","slug":"outiller-responsabilite","term_group":0,"term_taxonomy_id":40,"taxonomy":"tribe_events_cat","description":"","parent":0,"count":26,"filter":"raw","id":40,"urls":{"self":"https:\/\/formationsyndicale.cgt.fr\/index.php?rest_route=\/tribe\/events\/v1\/categories\/40","collection":"https:\/\/formationsyndicale.cgt.fr\/index.php?rest_route=\/tribe\/events\/v1\/categories"}}],"tags":[],"venue":{"id":14,"author":"1","status":"publish","date":"2024-05-14 13:55:25","date_utc":"2024-05-14 11:55:25","modified":"2024-05-14 13:55:25","modified_utc":"2024-05-14 11:55:25","url":"https:\/\/formationsyndicale.cgt.fr\/?tribe_venue=centre-de-formation-syndicale-confederal-benoit-frachon","venue":"Centre de formation syndicale conf\u00e9d\u00e9ral Beno\u00eet Frachon","slug":"centre-de-formation-syndicale-confederal-benoit-frachon","address":"12 rue Fernand Leger","city":"Gif-sur-yvette","country":"France","province":"Essonne","zip":"91190","phone":"0169864000","website":"https:\/\/cbf.cgt.fr","stateprovince":"Essonne","json_ld":{"@type":"Place","name":"Centre de formation syndicale conf\u00e9d\u00e9ral Beno\u00eet Frachon","description":"","url":"","address":{"@type":"PostalAddress","streetAddress":"12 rue Fernand Leger","addressLocality":"Gif-sur-yvette","addressRegion":"Essonne","postalCode":"91190","addressCountry":"France"},"telephone":"0169864000","sameAs":"https:\/\/cbf.cgt.fr"},"show_map":true,"show_map_link":true,"global_id":"formationsyndicale.cgt.fr?id=14","global_id_lineage":["formationsyndicale.cgt.fr?id=14"]},"organizer":[{"id":212,"author":"3","status":"publish","date":"2024-10-24 13:38:34","date_utc":"2024-10-24 11:38:34","modified":"2025-11-17 15:17:36","modified_utc":"2025-11-17 14:17:36","url":"https:\/\/formationsyndicale.cgt.fr\/?tribe_organizer=espace-vie-syndicale-espace-vs","organizer":"Espace vie syndicale &#8211; Espace VS","description":"<p>Espace Vie syndicale &#8211; VS<br \/>\n263 rue de Paris \u2013 Case 4-3<\/p>\n<p>93516 Montreuil Cedex<\/p>","slug":"espace-vie-syndicale-espace-vs","phone":"01 55 82 82 05","website":"http:\/\/formationsyndicale.cgt.fr\/","email":"pole.formation@cgt.org","json_ld":{"@type":"Person","name":"Espace vie syndicale &#8211; Espace VS","description":"&lt;p&gt;Espace Vie syndicale - VS 263 rue de Paris \u2013 Case 4-3 93516 Montreuil Cedex&lt;\/p&gt;\\n","url":"http:\/\/formationsyndicale.cgt.fr\/","telephone":"01 55 82 82 05","email":"pole&#46;fo&#114;m&#97;ti&#111;&#110;&#64;cg&#116;.&#111;&#114;g","sameAs":"http:\/\/formationsyndicale.cgt.fr\/"},"global_id":"formationsyndicale.cgt.fr?id=212","global_id_lineage":["formationsyndicale.cgt.fr?id=212"]}],"custom_fields":[],"json_ld":{"@context":"http:\/\/schema.org","@type":"Event","name":"N\u00b0 0235\/2025 &#8211; Animatrice animateur vie syndicale","description":"&lt;p&gt;Les objectifs de formation \u00c0 l\u2019issue de cette formation, les stagiaires auront la capacit\u00e9 de d\u00e9finir le r\u00f4le et les missions de l\u2019animateur ou animatrice \u00e0 la Vie syndicale et&hellip;&nbsp;&lt;a href=&quot;https:\/\/formationsyndicale.cgt.fr\/?tribe_events=n-0235-2025-animatrice-animateur-vie-syndicale&quot; rel=&quot;bookmark&quot;&gt;&lt;span class=&quot;screen-reader-text&quot;&gt;N\u00b0 0235\/2025 &#8211; Animatrice animateur vie syndicale&lt;\/span&gt;&lt;\/a&gt;&lt;\/p&gt;\\n","url":"https:\/\/formationsyndicale.cgt.fr\/?tribe_events=n-0235-2025-animatrice-animateur-vie-syndicale","eventAttendanceMode":"https:\/\/schema.org\/OfflineEventAttendanceMode","eventStatus":"https:\/\/schema.org\/EventScheduled","startDate":"2025-12-01T08:00:00+01:00","endDate":"2025-12-05T17:00:00+01:00","location":{"@type":"Place","name":"Centre de formation syndicale conf\u00e9d\u00e9ral Beno\u00eet Frachon","description":"","url":"","address":{"@type":"PostalAddress","streetAddress":"12 rue Fernand Leger","addressLocality":"Gif-sur-yvette","addressRegion":"Essonne","postalCode":"91190","addressCountry":"France"},"telephone":"0169864000","sameAs":"https:\/\/cbf.cgt.fr"},"organizer":{"@type":"Person","name":"Espace vie syndicale &#8211; Espace VS","description":"&lt;p&gt;Espace Vie syndicale - VS 263 rue de Paris \u2013 Case 4-3 93516 Montreuil Cedex&lt;\/p&gt;\\n","url":"http:\/\/formationsyndicale.cgt.fr\/","telephone":"01 55 82 82 05","email":"&#112;ole.&#102;o&#114;m&#97;&#116;io&#110;&#64;cgt&#46;&#111;r&#103;","sameAs":"http:\/\/formationsyndicale.cgt.fr\/"},"performer":"Organization"}}