{"id":531,"global_id":"formationsyndicale.cgt.fr?id=531","global_id_lineage":["formationsyndicale.cgt.fr?id=531"],"author":"3","status":"publish","date":"2024-12-04 12:17:43","date_utc":"2024-12-04 11:17:43","modified":"2024-12-04 13:20:30","modified_utc":"2024-12-04 12:20:30","url":"https:\/\/formationsyndicale.cgt.fr\/?tribe_events=n-0112-2025-soutiller-contre-les-violences-sexistes-et-sexuelles-au-travail","rest_url":"https:\/\/formationsyndicale.cgt.fr\/index.php?rest_route=\/tribe\/events\/v1\/events\/531","title":"N\u00b0 0112\/2025 &#8211; S&rsquo;outiller contre les violences sexistes et sexuelles au travail","description":"<h4><span style=\"color: #003366;\">Population syndicale concern\u00e9e <\/span><\/h4>\n<h5><span style=\"color: #003366;\">Tou\u00b7tes les syndiqu\u00e9\u00b7es de la CGT, et plus particuli\u00e8rement les camarades en responsabilit\u00e9s dans les organisations territoriales et f\u00e9d\u00e9rations et \u00e9lu\u00b7es ou mandat\u00e9\u00b7es.<\/span><\/h5>\n<hr \/>\n<h4><span style=\"color: #003366;\">Les objectifs de formation <\/span><\/h4>\n<h5><span style=\"color: #003366;\">\u00c0 la fin de la formation les stagiaires seront en capacit\u00e9 :<\/span><br \/>\n<span style=\"color: #003366;\">\u2022 d\u2019identifier et d\u00e9finir les diff\u00e9rents types de violences sexuelles au travail ;<\/span><br \/>\n<span style=\"color: #003366;\">\u2022 d\u2019identifier les diff\u00e9rents leviers pour saisir l\u2019employeur<\/span><\/h5>\n<hr \/>\n<p><a href=\"https:\/\/formationsyndicale.cgt.fr\/wp-content\/uploads\/2024\/12\/FD-soutiller-contre-les-violences-.pdf\">FD s&rsquo;outiller contre les violences<\/a><\/p>\n<p><a href=\"https:\/\/formationsyndicale.cgt.fr\/wp-content\/uploads\/2024\/12\/FC-soutiller-contre-les-violences-17-nov_2025.docx\">FC s&rsquo;outiller contre les violences 17 nov_2025<\/a><\/p>","excerpt":"","slug":"n-0112-2025-soutiller-contre-les-violences-sexistes-et-sexuelles-au-travail","image":false,"all_day":false,"start_date":"2025-11-17 09:00:00","start_date_details":{"year":"2025","month":"11","day":"17","hour":"09","minutes":"00","seconds":"00"},"end_date":"2025-11-17 12:30:00","end_date_details":{"year":"2025","month":"11","day":"17","hour":"12","minutes":"30","seconds":"00"},"utc_start_date":"2025-11-17 08:00:00","utc_start_date_details":{"year":"2025","month":"11","day":"17","hour":"08","minutes":"00","seconds":"00"},"utc_end_date":"2025-11-17 11:30:00","utc_end_date_details":{"year":"2025","month":"11","day":"17","hour":"11","minutes":"30","seconds":"00"},"timezone":"Europe\/Paris","timezone_abbr":"CET","cost":"","cost_details":{"currency_symbol":"\u20ac","currency_code":"EUR","currency_position":"suffix","values":[]},"website":"","show_map":true,"show_map_link":true,"hide_from_listings":false,"sticky":false,"featured":false,"categories":[{"name":"Outiller \u00e0 la responsabilit\u00e9","slug":"outiller-responsabilite","term_group":0,"term_taxonomy_id":40,"taxonomy":"tribe_events_cat","description":"","parent":0,"count":26,"filter":"raw","id":40,"urls":{"self":"https:\/\/formationsyndicale.cgt.fr\/index.php?rest_route=\/tribe\/events\/v1\/categories\/40","collection":"https:\/\/formationsyndicale.cgt.fr\/index.php?rest_route=\/tribe\/events\/v1\/categories"}}],"tags":[],"venue":{"id":280,"author":"3","status":"publish","date":"2024-11-07 15:48:39","date_utc":"2024-11-07 14:48:39","modified":"2024-11-07 15:48:39","modified_utc":"2024-11-07 14:48:39","url":"https:\/\/formationsyndicale.cgt.fr\/?tribe_venue=visioconference","venue":"Visioconf\u00e9rence","slug":"visioconference","country":"France","json_ld":{"@type":"Place","name":"Visioconf\u00e9rence","description":"","url":"","address":{"@type":"PostalAddress","addressCountry":"France"},"telephone":"","sameAs":""},"show_map":false,"show_map_link":false,"global_id":"formationsyndicale.cgt.fr?id=280","global_id_lineage":["formationsyndicale.cgt.fr?id=280"]},"organizer":[{"id":209,"author":"3","status":"publish","date":"2024-10-24 13:31:28","date_utc":"2024-10-24 11:31:28","modified":"2025-11-17 15:17:56","modified_utc":"2025-11-17 14:17:56","url":"https:\/\/formationsyndicale.cgt.fr\/?tribe_organizer=espace-revendicatif-pole-egalite-des-droit-commission-activite-femmes-mixite","organizer":"Espace revendicatif &#8211; P\u00f4le \u00e9galit\u00e9 des droit &#8211; Commission activit\u00e9 femmes mixit\u00e9","slug":"espace-revendicatif-pole-egalite-des-droit-commission-activite-femmes-mixite","phone":"01 55 82 81 57","website":"https:\/\/www.egalite-professionnelle.cgt.fr\/","email":"fem-mixite@cgt.org","json_ld":{"@type":"Person","name":"Espace revendicatif &#8211; P\u00f4le \u00e9galit\u00e9 des droit &#8211; Commission activit\u00e9 femmes mixit\u00e9","description":"","url":"https:\/\/www.egalite-professionnelle.cgt.fr\/","telephone":"01 55 82 81 57","email":"fem-m&#105;xi&#116;e&#64;&#99;gt&#46;&#111;r&#103;","sameAs":"https:\/\/www.egalite-professionnelle.cgt.fr\/"},"global_id":"formationsyndicale.cgt.fr?id=209","global_id_lineage":["formationsyndicale.cgt.fr?id=209"]}],"custom_fields":[],"json_ld":{"@context":"http:\/\/schema.org","@type":"Event","name":"N\u00b0 0112\/2025 &#8211; S&rsquo;outiller contre les violences sexistes et sexuelles au travail","description":"&lt;p&gt;Population syndicale concern\u00e9e Tou\u00b7tes les syndiqu\u00e9\u00b7es de la CGT, et plus particuli\u00e8rement les camarades en responsabilit\u00e9s dans les organisations territoriales et f\u00e9d\u00e9rations et \u00e9lu\u00b7es ou mandat\u00e9\u00b7es. Les objectifs de formation&hellip;&nbsp;&lt;a href=&quot;https:\/\/formationsyndicale.cgt.fr\/?tribe_events=n-0112-2025-soutiller-contre-les-violences-sexistes-et-sexuelles-au-travail&quot; rel=&quot;bookmark&quot;&gt;&lt;span class=&quot;screen-reader-text&quot;&gt;N\u00b0 0112\/2025 &#8211; S&rsquo;outiller contre les violences sexistes et sexuelles au travail&lt;\/span&gt;&lt;\/a&gt;&lt;\/p&gt;\\n","url":"https:\/\/formationsyndicale.cgt.fr\/?tribe_events=n-0112-2025-soutiller-contre-les-violences-sexistes-et-sexuelles-au-travail","eventAttendanceMode":"https:\/\/schema.org\/OfflineEventAttendanceMode","eventStatus":"https:\/\/schema.org\/EventScheduled","startDate":"2025-11-17T09:00:00+01:00","endDate":"2025-11-17T12:30:00+01:00","location":{"@type":"Place","name":"Visioconf\u00e9rence","description":"","url":"","address":{"@type":"PostalAddress","addressCountry":"France"},"telephone":"","sameAs":""},"organizer":{"@type":"Person","name":"Espace revendicatif &#8211; P\u00f4le \u00e9galit\u00e9 des droit &#8211; Commission activit\u00e9 femmes mixit\u00e9","description":"","url":"https:\/\/www.egalite-professionnelle.cgt.fr\/","telephone":"01 55 82 81 57","email":"&#102;&#101;&#109;&#45;m&#105;x&#105;&#116;e&#64;&#99;&#103;t.or&#103;","sameAs":"https:\/\/www.egalite-professionnelle.cgt.fr\/"},"performer":"Organization"}}