{"id":491,"global_id":"formationsyndicale.cgt.fr?id=491","global_id_lineage":["formationsyndicale.cgt.fr?id=491"],"author":"3","status":"publish","date":"2024-11-15 16:21:14","date_utc":"2024-11-15 15:21:14","modified":"2024-11-15 16:22:48","modified_utc":"2024-11-15 15:22:48","url":"https:\/\/formationsyndicale.cgt.fr\/?tribe_events=nat-014-2025-session-2-le-formalisme-de-laudience","rest_url":"https:\/\/formationsyndicale.cgt.fr\/index.php?rest_route=\/tribe\/events\/v1\/events\/491","title":"NAT-014-2025 &#8211; Session 2 \/ Le formalisme de l&rsquo;audience","description":"<h5><span style=\"color: #003366;\">Public <\/span><\/h5>\n<h5><span style=\"color: #003366;\">Les Conseill\u00e8res et conseillers prud&rsquo;hommes d\u00e9sign\u00e9(e)s en cours de mandat ou n\u2019ayant pas pu participer \u00e0 la Session 2 dans leur territoire.<\/span><\/h5>\n<hr \/>\n<h4><span style=\"color: #003366;\">Les objectifs de formation <\/span><\/h4>\n<h5><span style=\"color: #003366;\">Les stagiaires seront outill\u00e9s sur la session 2 Le formalisme de l\u2019audience.<\/span><\/h5>\n<hr \/>\n<h4><a href=\"https:\/\/formationsyndicale.cgt.fr\/wp-content\/uploads\/2024\/11\/2025-014-FD-Session-2-Le-formalisme-de-l-audience.docx\">2025 014 FD Session 2 Le formalisme de l audience<\/a><\/h4>","excerpt":"","slug":"nat-014-2025-session-2-le-formalisme-de-laudience","image":false,"all_day":false,"start_date":"2025-06-02 08:00:00","start_date_details":{"year":"2025","month":"06","day":"02","hour":"08","minutes":"00","seconds":"00"},"end_date":"2025-06-06 17:00:00","end_date_details":{"year":"2025","month":"06","day":"06","hour":"17","minutes":"00","seconds":"00"},"utc_start_date":"2025-06-02 06:00:00","utc_start_date_details":{"year":"2025","month":"06","day":"02","hour":"06","minutes":"00","seconds":"00"},"utc_end_date":"2025-06-06 15:00:00","utc_end_date_details":{"year":"2025","month":"06","day":"06","hour":"15","minutes":"00","seconds":"00"},"timezone":"Europe\/Paris","timezone_abbr":"CEST","cost":"","cost_details":{"currency_symbol":"\u20ac","currency_code":"EUR\t\t\t\t\t\t\tclass=\t\t\t\t\t\t\tclass=","currency_position":"suffix","values":[]},"website":"","show_map":true,"show_map_link":true,"hide_from_listings":false,"sticky":false,"featured":false,"categories":[{"name":"Outiller au mandat","slug":"outiller-mandat","term_group":0,"term_taxonomy_id":39,"taxonomy":"tribe_events_cat","description":"","parent":0,"count":25,"filter":"raw","id":39,"urls":{"self":"https:\/\/formationsyndicale.cgt.fr\/index.php?rest_route=\/tribe\/events\/v1\/categories\/39","collection":"https:\/\/formationsyndicale.cgt.fr\/index.php?rest_route=\/tribe\/events\/v1\/categories"}}],"tags":[],"venue":{"id":14,"author":"1","status":"publish","date":"2024-05-14 13:55:25","date_utc":"2024-05-14 11:55:25","modified":"2024-05-14 13:55:25","modified_utc":"2024-05-14 11:55:25","url":"https:\/\/formationsyndicale.cgt.fr\/?tribe_venue=centre-de-formation-syndicale-confederal-benoit-frachon","venue":"Centre de formation syndicale conf\u00e9d\u00e9ral Beno\u00eet Frachon","slug":"centre-de-formation-syndicale-confederal-benoit-frachon","address":"12 rue Fernand Leger","city":"Gif-sur-yvette","country":"France","province":"Essonne","zip":"91190","phone":"0169864000","website":"https:\/\/cbf.cgt.fr","stateprovince":"Essonne","json_ld":{"@type":"Place","name":"Centre de formation syndicale conf\u00e9d\u00e9ral Beno\u00eet Frachon","description":"","url":"","address":{"@type":"PostalAddress","streetAddress":"12 rue Fernand Leger","addressLocality":"Gif-sur-yvette","addressRegion":"Essonne","postalCode":"91190","addressCountry":"France"},"telephone":"0169864000","sameAs":"https:\/\/cbf.cgt.fr"},"show_map":true,"show_map_link":true,"global_id":"formationsyndicale.cgt.fr?id=14","global_id_lineage":["formationsyndicale.cgt.fr?id=14"]},"organizer":[{"id":224,"author":"3","status":"publish","date":"2024-10-24 15:28:18","date_utc":"2024-10-24 13:28:18","modified":"2025-11-17 15:09:07","modified_utc":"2025-11-17 14:09:07","url":"https:\/\/formationsyndicale.cgt.fr\/?tribe_organizer=espace-vie-syndicale-pole-formation-syndicale-prudis","organizer":"Espace vie syndicale &#8211; P\u00f4le formation syndicale &#8211; Prudis","slug":"espace-vie-syndicale-pole-formation-syndicale-prudis","phone":"01 55 82 82 16","website":"http:\/\/www.cgt.fr","email":"prudis@cgt.org","json_ld":{"@type":"Person","name":"Espace vie syndicale &#8211; P\u00f4le formation syndicale &#8211; Prudis","description":"","url":"http:\/\/www.cgt.fr","telephone":"01 55 82 82 16","email":"prud&#105;&#115;&#64;c&#103;t&#46;&#111;r&#103;","sameAs":"http:\/\/www.cgt.fr"},"global_id":"formationsyndicale.cgt.fr?id=224","global_id_lineage":["formationsyndicale.cgt.fr?id=224"]}],"custom_fields":[],"json_ld":{"@context":"http:\/\/schema.org","@type":"Event","name":"NAT-014-2025 &#8211; Session 2 \/ Le formalisme de l&rsquo;audience","description":"&lt;p&gt;Public Les Conseill\u00e8res et conseillers prud\\'hommes d\u00e9sign\u00e9(e)s en cours de mandat ou n\u2019ayant pas pu participer \u00e0 la Session 2 dans leur territoire. Les objectifs de formation Les stagiaires seront&hellip;&nbsp;&lt;a href=&quot;https:\/\/formationsyndicale.cgt.fr\/?tribe_events=nat-014-2025-session-2-le-formalisme-de-laudience&quot; rel=&quot;bookmark&quot;&gt;&lt;span class=&quot;screen-reader-text&quot;&gt;NAT-014-2025 &#8211; Session 2 \/ Le formalisme de l&rsquo;audience&lt;\/span&gt;&lt;\/a&gt;&lt;\/p&gt;\\n","url":"https:\/\/formationsyndicale.cgt.fr\/?tribe_events=nat-014-2025-session-2-le-formalisme-de-laudience","eventAttendanceMode":"https:\/\/schema.org\/OfflineEventAttendanceMode","eventStatus":"https:\/\/schema.org\/EventScheduled","startDate":"2025-06-02T08:00:00+02:00","endDate":"2025-06-06T17:00:00+02:00","location":{"@type":"Place","name":"Centre de formation syndicale conf\u00e9d\u00e9ral Beno\u00eet Frachon","description":"","url":"","address":{"@type":"PostalAddress","streetAddress":"12 rue Fernand Leger","addressLocality":"Gif-sur-yvette","addressRegion":"Essonne","postalCode":"91190","addressCountry":"France"},"telephone":"0169864000","sameAs":"https:\/\/cbf.cgt.fr"},"organizer":{"@type":"Person","name":"Espace vie syndicale &#8211; P\u00f4le formation syndicale &#8211; Prudis","description":"","url":"http:\/\/www.cgt.fr","telephone":"01 55 82 82 16","email":"&#112;rud&#105;s&#64;&#99;gt&#46;or&#103;","sameAs":"http:\/\/www.cgt.fr"},"performer":"Organization"}}