{"id":464,"global_id":"formationsyndicale.cgt.fr?id=464","global_id_lineage":["formationsyndicale.cgt.fr?id=464"],"author":"3","status":"publish","date":"2024-11-15 16:05:54","date_utc":"2024-11-15 15:05:54","modified":"2024-11-15 16:06:09","modified_utc":"2024-11-15 15:06:09","url":"https:\/\/formationsyndicale.cgt.fr\/?tribe_events=nat-012-2025-remuneration-salaire","rest_url":"https:\/\/formationsyndicale.cgt.fr\/index.php?rest_route=\/tribe\/events\/v1\/events\/464","title":"NAT-012\/2025 &#8211; R\u00e9mun\u00e9ration \/ Salaire","description":"<h4><span style=\"color: #003366;\">Public <\/span><\/h4>\n<h5><span style=\"color: #003366;\">Les Conseill\u00e8res et conseillers Prud\u2019hommes d\u00e9sign\u00e9.e.s par leur Union D\u00e9partementale et ayant suivi le cursus PRUDIS jusqu\u2019\u00e0 la session 3-module 2 incluse.<\/span><\/h5>\n<hr \/>\n<h4><span style=\"color: #003366;\">Les objectifs de formation<\/span><\/h4>\n<h5><span style=\"color: #003366;\">Les stagiaires seront outill\u00e9.e.s pour traiter les litiges au conseil des prud\u2019hommes sur les questions de r\u00e9mun\u00e9ration et salaire.<\/span><\/h5>\n<hr \/>\n<p><a href=\"https:\/\/formationsyndicale.cgt.fr\/wp-content\/uploads\/2024\/11\/2025-012-FD-Remuneration-Salaire.docx\">2025 012 FD Remuneration Salaire<\/a><\/p>\n<p><a href=\"https:\/\/formationsyndicale.cgt.fr\/wp-content\/uploads\/2024\/11\/2025-012-FC-Remuneration-Salaire.docx\">2025 012 FC R\u00e9mun\u00e9ration &#8211; Salaire<\/a><\/p>","excerpt":"","slug":"nat-012-2025-remuneration-salaire","image":false,"all_day":false,"start_date":"2025-05-12 08:00:00","start_date_details":{"year":"2025","month":"05","day":"12","hour":"08","minutes":"00","seconds":"00"},"end_date":"2025-05-16 17:00:00","end_date_details":{"year":"2025","month":"05","day":"16","hour":"17","minutes":"00","seconds":"00"},"utc_start_date":"2025-05-12 06:00:00","utc_start_date_details":{"year":"2025","month":"05","day":"12","hour":"06","minutes":"00","seconds":"00"},"utc_end_date":"2025-05-16 15:00:00","utc_end_date_details":{"year":"2025","month":"05","day":"16","hour":"15","minutes":"00","seconds":"00"},"timezone":"Europe\/Paris","timezone_abbr":"CEST","cost":"","cost_details":{"currency_symbol":"\u20ac","currency_code":"EUR\t\t\t\t\t\t\tclass=\t\t\t\t\t\t\tclass=","currency_position":"suffix","values":[]},"website":"","show_map":true,"show_map_link":true,"hide_from_listings":false,"sticky":false,"featured":false,"categories":[{"name":"Outiller au mandat","slug":"outiller-mandat","term_group":0,"term_taxonomy_id":39,"taxonomy":"tribe_events_cat","description":"","parent":0,"count":25,"filter":"raw","id":39,"urls":{"self":"https:\/\/formationsyndicale.cgt.fr\/index.php?rest_route=\/tribe\/events\/v1\/categories\/39","collection":"https:\/\/formationsyndicale.cgt.fr\/index.php?rest_route=\/tribe\/events\/v1\/categories"}}],"tags":[],"venue":{"id":125,"author":"2","status":"publish","date":"2024-08-28 13:13:24","date_utc":"2024-08-28 11:13:24","modified":"2024-08-28 13:13:24","modified_utc":"2024-08-28 11:13:24","url":"https:\/\/formationsyndicale.cgt.fr\/?tribe_venue=institut-du-travail-universite-de-strasbourg","venue":"Institut du travail, Universit\u00e9 de Strasbourg","description":"<p>L\u2019Institut du travail de Strasbourg appartient au r\u00e9seau national des Instituts du travail.<\/p>","slug":"institut-du-travail-universite-de-strasbourg","address":"39 avenue de la For\u00eat Noire","city":"Strasbourg","country":"France","province":"Alsace","zip":"67000","phone":"+33368858700","website":"https:\/\/idt.unistra.fr\/","stateprovince":"Alsace","json_ld":{"@type":"Place","name":"Institut du travail, Universit\u00e9 de Strasbourg","description":"&lt;p&gt;L\u2019Institut du travail de Strasbourg appartient au r\u00e9seau national des Instituts du travail.&lt;\/p&gt;\\n","url":"","address":{"@type":"PostalAddress","streetAddress":"39 avenue de la For\u00eat Noire","addressLocality":"Strasbourg","addressRegion":"Alsace","postalCode":"67000","addressCountry":"France"},"telephone":"+33368858700","sameAs":"https:\/\/idt.unistra.fr\/"},"show_map":true,"show_map_link":true,"global_id":"formationsyndicale.cgt.fr?id=125","global_id_lineage":["formationsyndicale.cgt.fr?id=125"]},"organizer":[{"id":224,"author":"3","status":"publish","date":"2024-10-24 15:28:18","date_utc":"2024-10-24 13:28:18","modified":"2025-11-17 15:09:07","modified_utc":"2025-11-17 14:09:07","url":"https:\/\/formationsyndicale.cgt.fr\/?tribe_organizer=espace-vie-syndicale-pole-formation-syndicale-prudis","organizer":"Espace vie syndicale &#8211; P\u00f4le formation syndicale &#8211; Prudis","slug":"espace-vie-syndicale-pole-formation-syndicale-prudis","phone":"01 55 82 82 16","website":"http:\/\/www.cgt.fr","email":"prudis@cgt.org","json_ld":{"@type":"Person","name":"Espace vie syndicale &#8211; P\u00f4le formation syndicale &#8211; Prudis","description":"","url":"http:\/\/www.cgt.fr","telephone":"01 55 82 82 16","email":"p&#114;&#117;di&#115;&#64;&#99;&#103;&#116;.o&#114;&#103;","sameAs":"http:\/\/www.cgt.fr"},"global_id":"formationsyndicale.cgt.fr?id=224","global_id_lineage":["formationsyndicale.cgt.fr?id=224"]}],"custom_fields":[],"json_ld":{"@context":"http:\/\/schema.org","@type":"Event","name":"NAT-012\/2025 &#8211; R\u00e9mun\u00e9ration \/ Salaire","description":"&lt;p&gt;Public Les Conseill\u00e8res et conseillers Prud\u2019hommes d\u00e9sign\u00e9.e.s par leur Union D\u00e9partementale et ayant suivi le cursus PRUDIS jusqu\u2019\u00e0 la session 3-module 2 incluse. Les objectifs de formation Les stagiaires seront&hellip;&nbsp;&lt;a href=&quot;https:\/\/formationsyndicale.cgt.fr\/?tribe_events=nat-012-2025-remuneration-salaire&quot; rel=&quot;bookmark&quot;&gt;&lt;span class=&quot;screen-reader-text&quot;&gt;NAT-012\/2025 &#8211; R\u00e9mun\u00e9ration \/ Salaire&lt;\/span&gt;&lt;\/a&gt;&lt;\/p&gt;\\n","url":"https:\/\/formationsyndicale.cgt.fr\/?tribe_events=nat-012-2025-remuneration-salaire","eventAttendanceMode":"https:\/\/schema.org\/OfflineEventAttendanceMode","eventStatus":"https:\/\/schema.org\/EventScheduled","startDate":"2025-05-12T08:00:00+02:00","endDate":"2025-05-16T17:00:00+02:00","location":{"@type":"Place","name":"Institut du travail, Universit\u00e9 de Strasbourg","description":"&lt;p&gt;L\u2019Institut du travail de Strasbourg appartient au r\u00e9seau national des Instituts du travail.&lt;\/p&gt;\\n","url":"","address":{"@type":"PostalAddress","streetAddress":"39 avenue de la For\u00eat Noire","addressLocality":"Strasbourg","addressRegion":"Alsace","postalCode":"67000","addressCountry":"France"},"telephone":"+33368858700","sameAs":"https:\/\/idt.unistra.fr\/"},"organizer":{"@type":"Person","name":"Espace vie syndicale &#8211; P\u00f4le formation syndicale &#8211; Prudis","description":"","url":"http:\/\/www.cgt.fr","telephone":"01 55 82 82 16","email":"&#112;r&#117;dis&#64;c&#103;t.&#111;&#114;g","sameAs":"http:\/\/www.cgt.fr"},"performer":"Organization"}}