{"id":456,"global_id":"formationsyndicale.cgt.fr?id=456","global_id_lineage":["formationsyndicale.cgt.fr?id=456"],"author":"3","status":"publish","date":"2024-11-15 15:51:27","date_utc":"2024-11-15 14:51:27","modified":"2024-11-15 15:55:34","modified_utc":"2024-11-15 14:55:34","url":"https:\/\/formationsyndicale.cgt.fr\/?tribe_events=nat-010-2025-journees-detudes-procedures-collectives-et-garantie-de-lags","rest_url":"https:\/\/formationsyndicale.cgt.fr\/index.php?rest_route=\/tribe\/events\/v1\/events\/456","title":"NAT-010\/2025 &#8211; Journ\u00e9es d&rsquo;\u00e9tudes proc\u00e9dures collectives et garantie de l&rsquo;AGS","description":"<h4 style=\"text-align: center;\"><span style=\"color: #003366;\">Formation en distanciel<\/span><\/h4>\n<h4><span style=\"color: #003366;\">Public <\/span><\/h4>\n<h5><span style=\"color: #003366;\">Les Conseill\u00e8res et conseillers Prud\u2019hommes d\u00e9sign\u00e9.e.s par leur Union D\u00e9partementale et ayant suivi le cursus PRUDIS jusqu\u2019\u00e0 la session 3-module 2 incluse.<\/span><\/h5>\n<hr \/>\n<h4><span style=\"color: #003366;\">Les objectifs de formation <\/span><\/h4>\n<h5><span style=\"color: #003366;\">Les stagiaires seront capables d\u2019expliquer les v\u00e9rifications \u00e0 effectuer en tant que juge prud\u2019hommes, dans le cadre des trois proc\u00e9dures collectives.<\/span><\/h5>\n<hr \/>\n<p><a href=\"https:\/\/formationsyndicale.cgt.fr\/wp-content\/uploads\/2024\/11\/2025-010-FD-Procedures-collectives-AGS-en-distanciel.docx\">2025 010 FD Proc\u00e9dures collectives AGS en distanciel<\/a><\/p>\n<p><a href=\"https:\/\/formationsyndicale.cgt.fr\/wp-content\/uploads\/2024\/11\/2025-010-FC-Procedures-collectives-distanciel.docx\">2025 010 FC Procedures collectives distanciel<\/a><\/p>","excerpt":"","slug":"nat-010-2025-journees-detudes-procedures-collectives-et-garantie-de-lags","image":false,"all_day":false,"start_date":"2025-04-07 08:00:00","start_date_details":{"year":"2025","month":"04","day":"07","hour":"08","minutes":"00","seconds":"00"},"end_date":"2025-04-11 17:00:00","end_date_details":{"year":"2025","month":"04","day":"11","hour":"17","minutes":"00","seconds":"00"},"utc_start_date":"2025-04-07 06:00:00","utc_start_date_details":{"year":"2025","month":"04","day":"07","hour":"06","minutes":"00","seconds":"00"},"utc_end_date":"2025-04-11 15:00:00","utc_end_date_details":{"year":"2025","month":"04","day":"11","hour":"15","minutes":"00","seconds":"00"},"timezone":"Europe\/Paris","timezone_abbr":"CEST","cost":"","cost_details":{"currency_symbol":"\u20ac","currency_code":"EUR\t\t\t\t\t\t\tclass=\t\t\t\t\t\t\tclass=\t\t\t\t\t\t\tclass=","currency_position":"suffix","values":[]},"website":"","show_map":true,"show_map_link":true,"hide_from_listings":false,"sticky":false,"featured":false,"categories":[{"name":"Outiller au mandat","slug":"outiller-mandat","term_group":0,"term_taxonomy_id":39,"taxonomy":"tribe_events_cat","description":"","parent":0,"count":25,"filter":"raw","id":39,"urls":{"self":"https:\/\/formationsyndicale.cgt.fr\/index.php?rest_route=\/tribe\/events\/v1\/categories\/39","collection":"https:\/\/formationsyndicale.cgt.fr\/index.php?rest_route=\/tribe\/events\/v1\/categories"}}],"tags":[],"venue":{"id":457,"author":"3","status":"publish","date":"2024-11-15 15:51:27","date_utc":"2024-11-15 14:51:27","modified":"2024-11-15 15:51:27","modified_utc":"2024-11-15 14:51:27","url":"https:\/\/formationsyndicale.cgt.fr\/?tribe_venue=en-distanciel","venue":"En distanciel","slug":"en-distanciel","json_ld":{"@type":"Place","name":"En distanciel","description":"","url":"","address":{"@type":"PostalAddress"},"telephone":"","sameAs":""},"show_map":false,"show_map_link":false,"global_id":"formationsyndicale.cgt.fr?id=457","global_id_lineage":["formationsyndicale.cgt.fr?id=457"]},"organizer":[{"id":224,"author":"3","status":"publish","date":"2024-10-24 15:28:18","date_utc":"2024-10-24 13:28:18","modified":"2025-11-17 15:09:07","modified_utc":"2025-11-17 14:09:07","url":"https:\/\/formationsyndicale.cgt.fr\/?tribe_organizer=espace-vie-syndicale-pole-formation-syndicale-prudis","organizer":"Espace vie syndicale &#8211; P\u00f4le formation syndicale &#8211; Prudis","slug":"espace-vie-syndicale-pole-formation-syndicale-prudis","phone":"01 55 82 82 16","website":"http:\/\/www.cgt.fr","email":"prudis@cgt.org","json_ld":{"@type":"Person","name":"Espace vie syndicale &#8211; P\u00f4le formation syndicale &#8211; Prudis","description":"","url":"http:\/\/www.cgt.fr","telephone":"01 55 82 82 16","email":"prudis&#64;cg&#116;&#46;&#111;r&#103;","sameAs":"http:\/\/www.cgt.fr"},"global_id":"formationsyndicale.cgt.fr?id=224","global_id_lineage":["formationsyndicale.cgt.fr?id=224"]}],"custom_fields":[],"json_ld":{"@context":"http:\/\/schema.org","@type":"Event","name":"NAT-010\/2025 &#8211; Journ\u00e9es d&rsquo;\u00e9tudes proc\u00e9dures collectives et garantie de l&rsquo;AGS","description":"&lt;p&gt;Formation en distanciel Public Les Conseill\u00e8res et conseillers Prud\u2019hommes d\u00e9sign\u00e9.e.s par leur Union D\u00e9partementale et ayant suivi le cursus PRUDIS jusqu\u2019\u00e0 la session 3-module 2 incluse. Les objectifs de formation&hellip;&nbsp;&lt;a href=&quot;https:\/\/formationsyndicale.cgt.fr\/?tribe_events=nat-010-2025-journees-detudes-procedures-collectives-et-garantie-de-lags&quot; rel=&quot;bookmark&quot;&gt;&lt;span class=&quot;screen-reader-text&quot;&gt;NAT-010\/2025 &#8211; Journ\u00e9es d&rsquo;\u00e9tudes proc\u00e9dures collectives et garantie de l&rsquo;AGS&lt;\/span&gt;&lt;\/a&gt;&lt;\/p&gt;\\n","url":"https:\/\/formationsyndicale.cgt.fr\/?tribe_events=nat-010-2025-journees-detudes-procedures-collectives-et-garantie-de-lags","eventAttendanceMode":"https:\/\/schema.org\/OfflineEventAttendanceMode","eventStatus":"https:\/\/schema.org\/EventScheduled","startDate":"2025-04-07T08:00:00+02:00","endDate":"2025-04-11T17:00:00+02:00","location":{"@type":"Place","name":"En distanciel","description":"","url":"","address":{"@type":"PostalAddress"},"telephone":"","sameAs":""},"organizer":{"@type":"Person","name":"Espace vie syndicale &#8211; P\u00f4le formation syndicale &#8211; Prudis","description":"","url":"http:\/\/www.cgt.fr","telephone":"01 55 82 82 16","email":"&#112;&#114;&#117;dis&#64;&#99;&#103;t&#46;or&#103;","sameAs":"http:\/\/www.cgt.fr"},"performer":"Organization"}}