{"id":440,"global_id":"formationsyndicale.cgt.fr?id=440","global_id_lineage":["formationsyndicale.cgt.fr?id=440"],"author":"3","status":"publish","date":"2024-11-15 15:41:23","date_utc":"2024-11-15 14:41:23","modified":"2024-11-15 15:41:23","modified_utc":"2024-11-15 14:41:23","url":"https:\/\/formationsyndicale.cgt.fr\/?tribe_events=nat-008-2025-la-duree-du-travail-module-1","rest_url":"https:\/\/formationsyndicale.cgt.fr\/index.php?rest_route=\/tribe\/events\/v1\/events\/440","title":"NAT-008\/2025 &#8211; La dur\u00e9e du travail \/ Module 1","description":"<h4><span style=\"color: #003366;\">Public <\/span><\/h4>\n<h5><span style=\"color: #003366;\">Les conseill\u00e8res et conseillers Prud\u2019hommes mandat\u00e9.e.s par leur Union D\u00e9partementale et ayant suivi le cursus PRUDIS jusqu\u2019\u00e0 la session 3 module 2 incluse.<\/span><\/h5>\n<hr \/>\n<h4><span style=\"color: #003366;\">Les objectifs de formation <\/span><\/h4>\n<h5><span style=\"color: #003366;\">Les stagiaires seront outill\u00e9.e.s sur la dur\u00e9e du travail (module 1).<\/span><\/h5>\n<hr \/>\n<p><a href=\"https:\/\/formationsyndicale.cgt.fr\/wp-content\/uploads\/2024\/11\/2025-008-FD-La-duree-du-travail-M1.docx\">2025 008 FD La duree du travail M1<\/a><\/p>\n<p><a href=\"https:\/\/formationsyndicale.cgt.fr\/wp-content\/uploads\/2024\/11\/2025-008-FC-DUREE-du-TRAVAIL-M1.docx\">2025 008 FC DUREE du TRAVAIL M1<\/a><\/p>","excerpt":"","slug":"nat-008-2025-la-duree-du-travail-module-1","image":false,"all_day":false,"start_date":"2025-03-17 08:00:00","start_date_details":{"year":"2025","month":"03","day":"17","hour":"08","minutes":"00","seconds":"00"},"end_date":"2025-03-21 17:00:00","end_date_details":{"year":"2025","month":"03","day":"21","hour":"17","minutes":"00","seconds":"00"},"utc_start_date":"2025-03-17 07:00:00","utc_start_date_details":{"year":"2025","month":"03","day":"17","hour":"07","minutes":"00","seconds":"00"},"utc_end_date":"2025-03-21 16:00:00","utc_end_date_details":{"year":"2025","month":"03","day":"21","hour":"16","minutes":"00","seconds":"00"},"timezone":"Europe\/Paris","timezone_abbr":"CET","cost":"","cost_details":{"currency_symbol":"\u20ac","currency_code":"EUR\t\t\t\t\t\t\tclass=","currency_position":"suffix","values":[]},"website":"","show_map":true,"show_map_link":true,"hide_from_listings":false,"sticky":false,"featured":false,"categories":[{"name":"Outiller au mandat","slug":"outiller-mandat","term_group":0,"term_taxonomy_id":39,"taxonomy":"tribe_events_cat","description":"","parent":0,"count":25,"filter":"raw","id":39,"urls":{"self":"https:\/\/formationsyndicale.cgt.fr\/index.php?rest_route=\/tribe\/events\/v1\/categories\/39","collection":"https:\/\/formationsyndicale.cgt.fr\/index.php?rest_route=\/tribe\/events\/v1\/categories"}}],"tags":[],"venue":{"id":14,"author":"1","status":"publish","date":"2024-05-14 13:55:25","date_utc":"2024-05-14 11:55:25","modified":"2024-05-14 13:55:25","modified_utc":"2024-05-14 11:55:25","url":"https:\/\/formationsyndicale.cgt.fr\/?tribe_venue=centre-de-formation-syndicale-confederal-benoit-frachon","venue":"Centre de formation syndicale conf\u00e9d\u00e9ral Beno\u00eet Frachon","slug":"centre-de-formation-syndicale-confederal-benoit-frachon","address":"12 rue Fernand Leger","city":"Gif-sur-yvette","country":"France","province":"Essonne","zip":"91190","phone":"0169864000","website":"https:\/\/cbf.cgt.fr","stateprovince":"Essonne","json_ld":{"@type":"Place","name":"Centre de formation syndicale conf\u00e9d\u00e9ral Beno\u00eet Frachon","description":"","url":"","address":{"@type":"PostalAddress","streetAddress":"12 rue Fernand Leger","addressLocality":"Gif-sur-yvette","addressRegion":"Essonne","postalCode":"91190","addressCountry":"France"},"telephone":"0169864000","sameAs":"https:\/\/cbf.cgt.fr"},"show_map":true,"show_map_link":true,"global_id":"formationsyndicale.cgt.fr?id=14","global_id_lineage":["formationsyndicale.cgt.fr?id=14"]},"organizer":[{"id":224,"author":"3","status":"publish","date":"2024-10-24 15:28:18","date_utc":"2024-10-24 13:28:18","modified":"2025-11-17 15:09:07","modified_utc":"2025-11-17 14:09:07","url":"https:\/\/formationsyndicale.cgt.fr\/?tribe_organizer=espace-vie-syndicale-pole-formation-syndicale-prudis","organizer":"Espace vie syndicale &#8211; P\u00f4le formation syndicale &#8211; Prudis","slug":"espace-vie-syndicale-pole-formation-syndicale-prudis","phone":"01 55 82 82 16","website":"http:\/\/www.cgt.fr","email":"prudis@cgt.org","json_ld":{"@type":"Person","name":"Espace vie syndicale &#8211; P\u00f4le formation syndicale &#8211; Prudis","description":"","url":"http:\/\/www.cgt.fr","telephone":"01 55 82 82 16","email":"p&#114;&#117;&#100;is&#64;cg&#116;&#46;&#111;r&#103;","sameAs":"http:\/\/www.cgt.fr"},"global_id":"formationsyndicale.cgt.fr?id=224","global_id_lineage":["formationsyndicale.cgt.fr?id=224"]}],"custom_fields":[],"json_ld":{"@context":"http:\/\/schema.org","@type":"Event","name":"NAT-008\/2025 &#8211; La dur\u00e9e du travail \/ Module 1","description":"&lt;p&gt;Public Les conseill\u00e8res et conseillers Prud\u2019hommes mandat\u00e9.e.s par leur Union D\u00e9partementale et ayant suivi le cursus PRUDIS jusqu\u2019\u00e0 la session 3 module 2 incluse. Les objectifs de formation Les stagiaires&hellip;&nbsp;&lt;a href=&quot;https:\/\/formationsyndicale.cgt.fr\/?tribe_events=nat-008-2025-la-duree-du-travail-module-1&quot; rel=&quot;bookmark&quot;&gt;&lt;span class=&quot;screen-reader-text&quot;&gt;NAT-008\/2025 &#8211; La dur\u00e9e du travail \/ Module 1&lt;\/span&gt;&lt;\/a&gt;&lt;\/p&gt;\\n","url":"https:\/\/formationsyndicale.cgt.fr\/?tribe_events=nat-008-2025-la-duree-du-travail-module-1","eventAttendanceMode":"https:\/\/schema.org\/OfflineEventAttendanceMode","eventStatus":"https:\/\/schema.org\/EventScheduled","startDate":"2025-03-17T08:00:00+01:00","endDate":"2025-03-21T17:00:00+01:00","location":{"@type":"Place","name":"Centre de formation syndicale conf\u00e9d\u00e9ral Beno\u00eet Frachon","description":"","url":"","address":{"@type":"PostalAddress","streetAddress":"12 rue Fernand Leger","addressLocality":"Gif-sur-yvette","addressRegion":"Essonne","postalCode":"91190","addressCountry":"France"},"telephone":"0169864000","sameAs":"https:\/\/cbf.cgt.fr"},"organizer":{"@type":"Person","name":"Espace vie syndicale &#8211; P\u00f4le formation syndicale &#8211; Prudis","description":"","url":"http:\/\/www.cgt.fr","telephone":"01 55 82 82 16","email":"pru&#100;is&#64;&#99;gt.or&#103;","sameAs":"http:\/\/www.cgt.fr"},"performer":"Organization"}}