{"id":419,"global_id":"formationsyndicale.cgt.fr?id=419","global_id_lineage":["formationsyndicale.cgt.fr?id=419"],"author":"3","status":"publish","date":"2024-11-15 14:54:50","date_utc":"2024-11-15 13:54:50","modified":"2025-05-07 14:12:58","modified_utc":"2025-05-07 12:12:58","url":"https:\/\/formationsyndicale.cgt.fr\/?tribe_events=n-0255-2025-animer-une-action-de-formation","rest_url":"https:\/\/formationsyndicale.cgt.fr\/index.php?rest_route=\/tribe\/events\/v1\/events\/419","title":"N\u00b0 0255\/2025 &#8211; Animer une action de formation","description":"<h4><span style=\"color: #003366;\"><strong><u>Public<\/u><\/strong><strong><br \/>\n<\/strong><\/span><\/h4>\n<h5><span style=\"color: #003366;\">Animateur.rice.s de formation ayant en charge l\u2019organisation et la conduite d\u2019une action de formation institutionnelle et sp\u00e9cifique.<\/span><\/h5>\n<hr \/>\n<h4><span style=\"color: #003366;\"><strong><u>Les objectifs de formation<\/u><\/strong><strong><br \/>\n<\/strong><\/span><\/h4>\n<h5><span style=\"color: #003366;\">Les stagiaires seront capables d\u2019identifier les fondamentaux de la conduite d\u2019une action de formation : se centrer sur les acquisitions \u00e0 faire faire par une p\u00e9dagogie adapt\u00e9e et s\u2019assurer de ces acquisitions.<\/span><\/h5>\n<hr \/>\n<h5><a href=\"https:\/\/formationsyndicale.cgt.fr\/wp-content\/uploads\/2024\/11\/FD-Animer-action-de-formation-10-25-1.docx\">FD &#8211; Animer action de formation &#8211; 10-25<\/a><\/h5>\n<h5><a href=\"https:\/\/formationsyndicale.cgt.fr\/wp-content\/uploads\/2024\/11\/FC-Animer-action-de-formation-10-25-1.docx\">FC &#8211; Animer action de formation &#8211; 10-25<\/a><\/h5>","excerpt":"","slug":"n-0255-2025-animer-une-action-de-formation","image":false,"all_day":false,"start_date":"2025-10-13 08:00:00","start_date_details":{"year":"2025","month":"10","day":"13","hour":"08","minutes":"00","seconds":"00"},"end_date":"2025-10-15 17:00:00","end_date_details":{"year":"2025","month":"10","day":"15","hour":"17","minutes":"00","seconds":"00"},"utc_start_date":"2025-10-13 06:00:00","utc_start_date_details":{"year":"2025","month":"10","day":"13","hour":"06","minutes":"00","seconds":"00"},"utc_end_date":"2025-10-15 15:00:00","utc_end_date_details":{"year":"2025","month":"10","day":"15","hour":"15","minutes":"00","seconds":"00"},"timezone":"Europe\/Paris","timezone_abbr":"CEST","cost":"","cost_details":{"currency_symbol":"\u20ac","currency_code":"EUR\t\t\t\t\t\t\tclass=\t\t\t\t\t\t\tclass=","currency_position":"suffix","values":[]},"website":"","show_map":true,"show_map_link":true,"hide_from_listings":false,"sticky":false,"featured":false,"categories":[],"tags":[],"venue":{"id":122,"author":"2","status":"publish","date":"2024-08-28 13:08:20","date_utc":"2024-08-28 11:08:20","modified":"2024-08-28 13:08:20","modified_utc":"2024-08-28 11:08:20","url":"https:\/\/formationsyndicale.cgt.fr\/?tribe_venue=isst-bourg-la-reine","venue":"ISST Bourg-la-Reine","description":"<p><a title=\"Universit\u00e9 Paris 1 Panth\u00e9on-Sorbonne\" href=\"https:\/\/www.pantheonsorbonne.fr\" target=\"_blank\" rel=\"noopener noreferrer\">Universit\u00e9 Paris 1 Panth\u00e9on-Sorbonne<\/a><\/p>\n<p>Nos missions : former les militants syndicaux et de compl\u00e9ter leur exp\u00e9rience par un enseignement de niveau universitaire<\/p>\n<menu id=\"fcltHTML5Menu1\" type=\"context\"><\/menu>","slug":"isst-bourg-la-reine","address":"16, boulevard Carnot","city":"Bourg-la-Reine","country":"France","province":"\u00cele-de-France","zip":"92340","phone":"+33179419000","website":"https:\/\/isst.pantheonsorbonne.fr\/","stateprovince":"\u00cele-de-France","json_ld":{"@type":"Place","name":"ISST Bourg-la-Reine","description":"&lt;p&gt;Universit\u00e9 Paris 1 Panth\u00e9on-Sorbonne Nos missions : former les militants syndicaux et de compl\u00e9ter leur exp\u00e9rience par un enseignement de niveau universitaire&lt;\/p&gt;\\n","url":"","address":{"@type":"PostalAddress","streetAddress":"16, boulevard Carnot","addressLocality":"Bourg-la-Reine","addressRegion":"\u00cele-de-France","postalCode":"92340","addressCountry":"France"},"telephone":"+33179419000","sameAs":"https:\/\/isst.pantheonsorbonne.fr\/"},"show_map":true,"show_map_link":true,"global_id":"formationsyndicale.cgt.fr?id=122","global_id_lineage":["formationsyndicale.cgt.fr?id=122"]},"organizer":[{"id":217,"author":"3","status":"publish","date":"2024-10-24 13:51:41","date_utc":"2024-10-24 11:51:41","modified":"2025-11-17 15:17:09","modified_utc":"2025-11-17 14:17:09","url":"https:\/\/formationsyndicale.cgt.fr\/?tribe_organizer=espace-vie-syndicale-pole-formation-syndicale","organizer":"Espace vie syndicale &#8211; P\u00f4le formation syndicale","description":"<p><strong>La Formation syndicale Cgt<\/strong><\/p>\n<p>Espace vie syndicale<\/p>\n<p>263, rue de Paris<\/p>\n<p>Case 4-3<\/p>\n<p>93516 Montreuil Cedex<\/p>","slug":"espace-vie-syndicale-pole-formation-syndicale","phone":"01 55 82 82 09","website":"http:\/\/www.formationsyndicale.cgt.fr","email":"pole.formation@cgt.org","json_ld":{"@type":"Person","name":"Espace vie syndicale &#8211; P\u00f4le formation syndicale","description":"&lt;p&gt;La Formation syndicale Cgt Espace vie syndicale 263, rue de Paris Case 4-3 93516 Montreuil Cedex&lt;\/p&gt;\\n","url":"http:\/\/www.formationsyndicale.cgt.fr","telephone":"01 55 82 82 09","email":"&#112;&#111;&#108;e&#46;fo&#114;&#109;a&#116;i&#111;n&#64;c&#103;t&#46;&#111;&#114;&#103;","sameAs":"http:\/\/www.formationsyndicale.cgt.fr"},"global_id":"formationsyndicale.cgt.fr?id=217","global_id_lineage":["formationsyndicale.cgt.fr?id=217"]}],"custom_fields":[],"json_ld":{"@context":"http:\/\/schema.org","@type":"Event","name":"N\u00b0 0255\/2025 &#8211; Animer une action de formation","description":"&lt;p&gt;Public Animateur.rice.s de formation ayant en charge l\u2019organisation et la conduite d\u2019une action de formation institutionnelle et sp\u00e9cifique. Les objectifs de formation Les stagiaires seront capables d\u2019identifier les fondamentaux de&hellip;&nbsp;&lt;a href=&quot;https:\/\/formationsyndicale.cgt.fr\/?tribe_events=n-0255-2025-animer-une-action-de-formation&quot; rel=&quot;bookmark&quot;&gt;&lt;span class=&quot;screen-reader-text&quot;&gt;N\u00b0 0255\/2025 &#8211; Animer une action de formation&lt;\/span&gt;&lt;\/a&gt;&lt;\/p&gt;\\n","url":"https:\/\/formationsyndicale.cgt.fr\/?tribe_events=n-0255-2025-animer-une-action-de-formation","eventAttendanceMode":"https:\/\/schema.org\/OfflineEventAttendanceMode","eventStatus":"https:\/\/schema.org\/EventScheduled","startDate":"2025-10-13T08:00:00+02:00","endDate":"2025-10-15T17:00:00+02:00","location":{"@type":"Place","name":"ISST Bourg-la-Reine","description":"&lt;p&gt;Universit\u00e9 Paris 1 Panth\u00e9on-Sorbonne Nos missions : former les militants syndicaux et de compl\u00e9ter leur exp\u00e9rience par un enseignement de niveau universitaire&lt;\/p&gt;\\n","url":"","address":{"@type":"PostalAddress","streetAddress":"16, boulevard Carnot","addressLocality":"Bourg-la-Reine","addressRegion":"\u00cele-de-France","postalCode":"92340","addressCountry":"France"},"telephone":"+33179419000","sameAs":"https:\/\/isst.pantheonsorbonne.fr\/"},"organizer":{"@type":"Person","name":"Espace vie syndicale &#8211; P\u00f4le formation syndicale","description":"&lt;p&gt;La Formation syndicale Cgt Espace vie syndicale 263, rue de Paris Case 4-3 93516 Montreuil Cedex&lt;\/p&gt;\\n","url":"http:\/\/www.formationsyndicale.cgt.fr","telephone":"01 55 82 82 09","email":"po&#108;&#101;.form&#97;t&#105;o&#110;&#64;&#99;gt&#46;or&#103;","sameAs":"http:\/\/www.formationsyndicale.cgt.fr"},"performer":"Organization"}}