{"id":405,"global_id":"formationsyndicale.cgt.fr?id=405","global_id_lineage":["formationsyndicale.cgt.fr?id=405"],"author":"3","status":"publish","date":"2024-11-15 14:31:06","date_utc":"2024-11-15 13:31:06","modified":"2025-05-07 12:17:56","modified_utc":"2025-05-07 10:17:56","url":"https:\/\/formationsyndicale.cgt.fr\/?tribe_events=n-0251-2025-atelier-formatrices-formateurs","rest_url":"https:\/\/formationsyndicale.cgt.fr\/index.php?rest_route=\/tribe\/events\/v1\/events\/405","title":"N\u00b0 0248\/2025 &#8211; Atelier formatrices formateurs","description":"<h4 style=\"text-align: center;\"><span style=\"color: #993300;\">Le p\u00f4le formation conf\u00e9d\u00e9ral et le Conseil d\u2019Administration de PRUDIS-CGT<\/span><br \/>\n<span style=\"color: #993300;\">organisent des ateliers formateurs. Ils s\u2019adressent \u00e0 toutes les formateurs<\/span><br \/>\n<span style=\"color: #993300;\">qui interviennent dans les formations syndicales CGT.<\/span><\/h4>\n<hr \/>\n<h4><span style=\"color: #003366;\">L\u2019objectif de ces ateliers<\/span><\/h4>\n<h5><span style=\"color: #003366;\">\u00c0 l\u2019issue de ces ateliers, les participants seront en capacit\u00e9 de r\u00e9aliser un retour d\u2019exp\u00e9rience de leur activit\u00e9 de formateur CGT, et d\u2019expliquer l\u2019enjeu de l\u2019int\u00e9grer dans leur pratique permanente.<\/span><br \/>\n<span style=\"color: #003366;\">Ces ateliers visent \u00e0 permettre un \u00e9change d\u2019exp\u00e9rience entre les formateurs pour enrichir leurs<\/span><br \/>\n<span style=\"color: #003366;\">pratiques p\u00e9dagogiques.<\/span><\/h5>\n<hr \/>\n<h5><a href=\"https:\/\/formationsyndicale.cgt.fr\/wp-content\/uploads\/2024\/11\/Invitation-Ateliers-formateurs-1.docx\">Invitation &#8211; Ateliers formateurs<\/a><\/h5>\n<h5><a href=\"https:\/\/formationsyndicale.cgt.fr\/wp-content\/uploads\/2024\/11\/Fiche-inscription-Ateliers-formateurs-1.docx\">Fiche inscription &#8211; Ateliers formateurs<\/a><\/h5>","excerpt":"","slug":"n-0251-2025-atelier-formatrices-formateurs","image":false,"all_day":false,"start_date":"2025-07-01 08:00:00","start_date_details":{"year":"2025","month":"07","day":"01","hour":"08","minutes":"00","seconds":"00"},"end_date":"2025-07-02 17:00:00","end_date_details":{"year":"2025","month":"07","day":"02","hour":"17","minutes":"00","seconds":"00"},"utc_start_date":"2025-07-01 06:00:00","utc_start_date_details":{"year":"2025","month":"07","day":"01","hour":"06","minutes":"00","seconds":"00"},"utc_end_date":"2025-07-02 15:00:00","utc_end_date_details":{"year":"2025","month":"07","day":"02","hour":"15","minutes":"00","seconds":"00"},"timezone":"Europe\/Paris","timezone_abbr":"CEST","cost":"","cost_details":{"currency_symbol":"\u20ac","currency_code":"EUR\t\t\t\t\t\t\tclass=\t\t\t\t\t\t\tclass=\t\t\t\t\t\t\tclass=","currency_position":"suffix","values":[]},"website":"","show_map":true,"show_map_link":true,"hide_from_listings":false,"sticky":false,"featured":false,"categories":[],"tags":[],"venue":{"id":14,"author":"1","status":"publish","date":"2024-05-14 13:55:25","date_utc":"2024-05-14 11:55:25","modified":"2024-05-14 13:55:25","modified_utc":"2024-05-14 11:55:25","url":"https:\/\/formationsyndicale.cgt.fr\/?tribe_venue=centre-de-formation-syndicale-confederal-benoit-frachon","venue":"Centre de formation syndicale conf\u00e9d\u00e9ral Beno\u00eet Frachon","slug":"centre-de-formation-syndicale-confederal-benoit-frachon","address":"12 rue Fernand Leger","city":"Gif-sur-yvette","country":"France","province":"Essonne","zip":"91190","phone":"0169864000","website":"https:\/\/cbf.cgt.fr","stateprovince":"Essonne","json_ld":{"@type":"Place","name":"Centre de formation syndicale conf\u00e9d\u00e9ral Beno\u00eet Frachon","description":"","url":"","address":{"@type":"PostalAddress","streetAddress":"12 rue Fernand Leger","addressLocality":"Gif-sur-yvette","addressRegion":"Essonne","postalCode":"91190","addressCountry":"France"},"telephone":"0169864000","sameAs":"https:\/\/cbf.cgt.fr"},"show_map":true,"show_map_link":true,"global_id":"formationsyndicale.cgt.fr?id=14","global_id_lineage":["formationsyndicale.cgt.fr?id=14"]},"organizer":[{"id":224,"author":"3","status":"publish","date":"2024-10-24 15:28:18","date_utc":"2024-10-24 13:28:18","modified":"2025-11-17 15:09:07","modified_utc":"2025-11-17 14:09:07","url":"https:\/\/formationsyndicale.cgt.fr\/?tribe_organizer=espace-vie-syndicale-pole-formation-syndicale-prudis","organizer":"Espace vie syndicale &#8211; P\u00f4le formation syndicale &#8211; Prudis","slug":"espace-vie-syndicale-pole-formation-syndicale-prudis","phone":"01 55 82 82 16","website":"http:\/\/www.cgt.fr","email":"prudis@cgt.org","json_ld":{"@type":"Person","name":"Espace vie syndicale &#8211; P\u00f4le formation syndicale &#8211; Prudis","description":"","url":"http:\/\/www.cgt.fr","telephone":"01 55 82 82 16","email":"&#112;&#114;ud&#105;&#115;&#64;&#99;g&#116;.o&#114;g","sameAs":"http:\/\/www.cgt.fr"},"global_id":"formationsyndicale.cgt.fr?id=224","global_id_lineage":["formationsyndicale.cgt.fr?id=224"]}],"custom_fields":[],"json_ld":{"@context":"http:\/\/schema.org","@type":"Event","name":"N\u00b0 0248\/2025 &#8211; Atelier formatrices formateurs","description":"&lt;p&gt;Le p\u00f4le formation conf\u00e9d\u00e9ral et le Conseil d\u2019Administration de PRUDIS-CGT organisent des ateliers formateurs. Ils s\u2019adressent \u00e0 toutes les formateurs qui interviennent dans les formations syndicales CGT. L\u2019objectif de ces&hellip;&nbsp;&lt;a href=&quot;https:\/\/formationsyndicale.cgt.fr\/?tribe_events=n-0251-2025-atelier-formatrices-formateurs&quot; rel=&quot;bookmark&quot;&gt;&lt;span class=&quot;screen-reader-text&quot;&gt;N\u00b0 0248\/2025 &#8211; Atelier formatrices formateurs&lt;\/span&gt;&lt;\/a&gt;&lt;\/p&gt;\\n","url":"https:\/\/formationsyndicale.cgt.fr\/?tribe_events=n-0251-2025-atelier-formatrices-formateurs","eventAttendanceMode":"https:\/\/schema.org\/OfflineEventAttendanceMode","eventStatus":"https:\/\/schema.org\/EventScheduled","startDate":"2025-07-01T08:00:00+02:00","endDate":"2025-07-02T17:00:00+02:00","location":{"@type":"Place","name":"Centre de formation syndicale conf\u00e9d\u00e9ral Beno\u00eet Frachon","description":"","url":"","address":{"@type":"PostalAddress","streetAddress":"12 rue Fernand Leger","addressLocality":"Gif-sur-yvette","addressRegion":"Essonne","postalCode":"91190","addressCountry":"France"},"telephone":"0169864000","sameAs":"https:\/\/cbf.cgt.fr"},"organizer":{"@type":"Person","name":"Espace vie syndicale &#8211; P\u00f4le formation syndicale &#8211; Prudis","description":"","url":"http:\/\/www.cgt.fr","telephone":"01 55 82 82 16","email":"&#112;r&#117;&#100;&#105;s&#64;cg&#116;.o&#114;&#103;","sameAs":"http:\/\/www.cgt.fr"},"performer":"Organization"}}