{"id":361,"global_id":"formationsyndicale.cgt.fr?id=361","global_id_lineage":["formationsyndicale.cgt.fr?id=361"],"author":"3","status":"publish","date":"2024-11-15 12:17:39","date_utc":"2024-11-15 11:17:39","modified":"2025-08-13 16:01:01","modified_utc":"2025-08-13 14:01:01","url":"https:\/\/formationsyndicale.cgt.fr\/?tribe_events=n-0232-2025-politique-financiere","rest_url":"https:\/\/formationsyndicale.cgt.fr\/index.php?rest_route=\/tribe\/events\/v1\/events\/361","title":"N\u00b0 0232\/2025 &#8211; Politique financi\u00e8re","description":"<h4><span style=\"color: #003366;\">Public <\/span><\/h4>\n<h5><span style=\"color: #003366;\">Les responsables de la politique financi\u00e8re des Unions D\u00e9partementales, des Comit\u00e9s R\u00e9gionaux et des F\u00e9d\u00e9rations.<\/span><\/h5>\n<hr \/>\n<h4><span style=\"color: #003366;\">Les objectifs de formation <\/span><\/h4>\n<h5><span style=\"color: #003366;\">\u00c0 la fin de la formation, les stagiaires seront capables de d\u00e9finir tout ce qui fait la politique financi\u00e8re de leur organisation.<\/span><\/h5>\n<hr \/>\n<h5><a href=\"https:\/\/formationsyndicale.cgt.fr\/wp-content\/uploads\/2024\/11\/FD-Politique-financiere-0925.docx\">FD &#8211; Politique financi\u00e8re &#8211; 0925<\/a><\/h5>\n<h5><a href=\"https:\/\/formationsyndicale.cgt.fr\/wp-content\/uploads\/2024\/11\/FC-Politique-financiere-0925.docx\">FC &#8211; Politique financi\u00e8re &#8211; 0925<\/a><\/h5>","excerpt":"","slug":"n-0232-2025-politique-financiere","image":false,"all_day":false,"start_date":"2025-09-22 08:00:00","start_date_details":{"year":"2025","month":"09","day":"22","hour":"08","minutes":"00","seconds":"00"},"end_date":"2025-09-26 17:00:00","end_date_details":{"year":"2025","month":"09","day":"26","hour":"17","minutes":"00","seconds":"00"},"utc_start_date":"2025-09-22 06:00:00","utc_start_date_details":{"year":"2025","month":"09","day":"22","hour":"06","minutes":"00","seconds":"00"},"utc_end_date":"2025-09-26 15:00:00","utc_end_date_details":{"year":"2025","month":"09","day":"26","hour":"15","minutes":"00","seconds":"00"},"timezone":"Europe\/Paris","timezone_abbr":"CEST","cost":"","cost_details":{"currency_symbol":"\u20ac","currency_code":"EUR\t\t\t\t\t\t\tclass=\t\t\t\t\t\t\tclass=","currency_position":"suffix","values":[]},"website":"","show_map":true,"show_map_link":true,"hide_from_listings":false,"sticky":false,"featured":false,"categories":[],"tags":[],"venue":{"id":14,"author":"1","status":"publish","date":"2024-05-14 13:55:25","date_utc":"2024-05-14 11:55:25","modified":"2024-05-14 13:55:25","modified_utc":"2024-05-14 11:55:25","url":"https:\/\/formationsyndicale.cgt.fr\/?tribe_venue=centre-de-formation-syndicale-confederal-benoit-frachon","venue":"Centre de formation syndicale conf\u00e9d\u00e9ral Beno\u00eet Frachon","slug":"centre-de-formation-syndicale-confederal-benoit-frachon","address":"12 rue Fernand Leger","city":"Gif-sur-yvette","country":"France","province":"Essonne","zip":"91190","phone":"0169864000","website":"https:\/\/cbf.cgt.fr","stateprovince":"Essonne","json_ld":{"@type":"Place","name":"Centre de formation syndicale conf\u00e9d\u00e9ral Beno\u00eet Frachon","description":"","url":"","address":{"@type":"PostalAddress","streetAddress":"12 rue Fernand Leger","addressLocality":"Gif-sur-yvette","addressRegion":"Essonne","postalCode":"91190","addressCountry":"France"},"telephone":"0169864000","sameAs":"https:\/\/cbf.cgt.fr"},"show_map":true,"show_map_link":true,"global_id":"formationsyndicale.cgt.fr?id=14","global_id_lineage":["formationsyndicale.cgt.fr?id=14"]},"organizer":[{"id":212,"author":"3","status":"publish","date":"2024-10-24 13:38:34","date_utc":"2024-10-24 11:38:34","modified":"2025-11-17 15:17:36","modified_utc":"2025-11-17 14:17:36","url":"https:\/\/formationsyndicale.cgt.fr\/?tribe_organizer=espace-vie-syndicale-espace-vs","organizer":"Espace vie syndicale &#8211; Espace VS","description":"<p>Espace Vie syndicale &#8211; VS<br \/>\n263 rue de Paris \u2013 Case 4-3<\/p>\n<p>93516 Montreuil Cedex<\/p>","slug":"espace-vie-syndicale-espace-vs","phone":"01 55 82 82 05","website":"http:\/\/formationsyndicale.cgt.fr\/","email":"pole.formation@cgt.org","json_ld":{"@type":"Person","name":"Espace vie syndicale &#8211; Espace VS","description":"&lt;p&gt;Espace Vie syndicale - VS 263 rue de Paris \u2013 Case 4-3 93516 Montreuil Cedex&lt;\/p&gt;\\n","url":"http:\/\/formationsyndicale.cgt.fr\/","telephone":"01 55 82 82 05","email":"pol&#101;.f&#111;&#114;mation&#64;&#99;gt.org","sameAs":"http:\/\/formationsyndicale.cgt.fr\/"},"global_id":"formationsyndicale.cgt.fr?id=212","global_id_lineage":["formationsyndicale.cgt.fr?id=212"]}],"custom_fields":[],"json_ld":{"@context":"http:\/\/schema.org","@type":"Event","name":"N\u00b0 0232\/2025 &#8211; Politique financi\u00e8re","description":"&lt;p&gt;Public Les responsables de la politique financi\u00e8re des Unions D\u00e9partementales, des Comit\u00e9s R\u00e9gionaux et des F\u00e9d\u00e9rations. Les objectifs de formation \u00c0 la fin de la formation, les stagiaires seront capables&hellip;&nbsp;&lt;a href=&quot;https:\/\/formationsyndicale.cgt.fr\/?tribe_events=n-0232-2025-politique-financiere&quot; rel=&quot;bookmark&quot;&gt;&lt;span class=&quot;screen-reader-text&quot;&gt;N\u00b0 0232\/2025 &#8211; Politique financi\u00e8re&lt;\/span&gt;&lt;\/a&gt;&lt;\/p&gt;\\n","url":"https:\/\/formationsyndicale.cgt.fr\/?tribe_events=n-0232-2025-politique-financiere","eventAttendanceMode":"https:\/\/schema.org\/OfflineEventAttendanceMode","eventStatus":"https:\/\/schema.org\/EventScheduled","startDate":"2025-09-22T08:00:00+02:00","endDate":"2025-09-26T17:00:00+02:00","location":{"@type":"Place","name":"Centre de formation syndicale conf\u00e9d\u00e9ral Beno\u00eet Frachon","description":"","url":"","address":{"@type":"PostalAddress","streetAddress":"12 rue Fernand Leger","addressLocality":"Gif-sur-yvette","addressRegion":"Essonne","postalCode":"91190","addressCountry":"France"},"telephone":"0169864000","sameAs":"https:\/\/cbf.cgt.fr"},"organizer":{"@type":"Person","name":"Espace vie syndicale &#8211; Espace VS","description":"&lt;p&gt;Espace Vie syndicale - VS 263 rue de Paris \u2013 Case 4-3 93516 Montreuil Cedex&lt;\/p&gt;\\n","url":"http:\/\/formationsyndicale.cgt.fr\/","telephone":"01 55 82 82 05","email":"&#112;&#111;le.&#102;o&#114;mat&#105;o&#110;&#64;&#99;g&#116;.org","sameAs":"http:\/\/formationsyndicale.cgt.fr\/"},"performer":"Organization"}}