{"id":316,"global_id":"formationsyndicale.cgt.fr?id=316","global_id_lineage":["formationsyndicale.cgt.fr?id=316"],"author":"3","status":"publish","date":"2024-11-14 09:29:45","date_utc":"2024-11-14 08:29:45","modified":"2024-11-15 11:53:41","modified_utc":"2024-11-15 10:53:41","url":"https:\/\/formationsyndicale.cgt.fr\/?tribe_events=n-nat-006-2025-session-1-prise-de-mandat","rest_url":"https:\/\/formationsyndicale.cgt.fr\/index.php?rest_route=\/tribe\/events\/v1\/events\/316","title":"N\u00b0 NAT-006\/2025 &#8211; Session 1 &#8211; Prise de mandat","description":"<h4><span style=\"color: #003366;\">Public<\/span><\/h4>\n<h5><span style=\"color: #003366;\">Les Conseill\u00e8res et conseillers prud&rsquo;hommes d\u00e9sign\u00e9(e)s par leur Union D\u00e9partementale et\/ou n\u2019ayant pas pu participer \u00e0 cette formation dans leur territoire.<\/span><\/h5>\n<hr \/>\n<h4><span style=\"color: #003366;\">Les objectifs de formation <\/span><\/h4>\n<h5><span style=\"color: #003366;\">\u00c0 l\u2019issue de cette session, les stagiaires seront capables d\u2019utiliser des outils juridiques et notre d\u00e9marche CGT pour leur mandat de Conseiller Prud\u2019homme.<\/span><\/h5>\n<p><a href=\"https:\/\/formationsyndicale.cgt.fr\/wp-content\/uploads\/2024\/11\/2025-006-FD-SESSION-1-Prise-de-mandat.docx\">2025 006 FD SESSION 1 Prise de mandat<\/a><\/p>\n<p><a href=\"https:\/\/formationsyndicale.cgt.fr\/wp-content\/uploads\/2024\/11\/2025-006-FC-SESSION-1.doc\">2025 006 FC SESSION 1<\/a><\/p>","excerpt":"","slug":"n-nat-006-2025-session-1-prise-de-mandat","image":false,"all_day":false,"start_date":"2025-03-03 08:00:00","start_date_details":{"year":"2025","month":"03","day":"03","hour":"08","minutes":"00","seconds":"00"},"end_date":"2025-03-06 17:00:00","end_date_details":{"year":"2025","month":"03","day":"06","hour":"17","minutes":"00","seconds":"00"},"utc_start_date":"2025-03-03 07:00:00","utc_start_date_details":{"year":"2025","month":"03","day":"03","hour":"07","minutes":"00","seconds":"00"},"utc_end_date":"2025-03-06 16:00:00","utc_end_date_details":{"year":"2025","month":"03","day":"06","hour":"16","minutes":"00","seconds":"00"},"timezone":"Europe\/Paris","timezone_abbr":"CET","cost":"","cost_details":{"currency_symbol":"\u20ac","currency_code":"EUR\t\t\t\t\t\t\tclass=\t\t\t\t\t\t\tclass=\t\t\t\t\t\t\tclass=","currency_position":"suffix","values":[]},"website":"","show_map":true,"show_map_link":true,"hide_from_listings":false,"sticky":false,"featured":false,"categories":[{"name":"Outiller au mandat","slug":"outiller-mandat","term_group":0,"term_taxonomy_id":39,"taxonomy":"tribe_events_cat","description":"","parent":0,"count":25,"filter":"raw","id":39,"urls":{"self":"https:\/\/formationsyndicale.cgt.fr\/index.php?rest_route=\/tribe\/events\/v1\/categories\/39","collection":"https:\/\/formationsyndicale.cgt.fr\/index.php?rest_route=\/tribe\/events\/v1\/categories"}}],"tags":[],"venue":{"id":14,"author":"1","status":"publish","date":"2024-05-14 13:55:25","date_utc":"2024-05-14 11:55:25","modified":"2024-05-14 13:55:25","modified_utc":"2024-05-14 11:55:25","url":"https:\/\/formationsyndicale.cgt.fr\/?tribe_venue=centre-de-formation-syndicale-confederal-benoit-frachon","venue":"Centre de formation syndicale conf\u00e9d\u00e9ral Beno\u00eet Frachon","slug":"centre-de-formation-syndicale-confederal-benoit-frachon","address":"12 rue Fernand Leger","city":"Gif-sur-yvette","country":"France","province":"Essonne","zip":"91190","phone":"0169864000","website":"https:\/\/cbf.cgt.fr","stateprovince":"Essonne","json_ld":{"@type":"Place","name":"Centre de formation syndicale conf\u00e9d\u00e9ral Beno\u00eet Frachon","description":"","url":"","address":{"@type":"PostalAddress","streetAddress":"12 rue Fernand Leger","addressLocality":"Gif-sur-yvette","addressRegion":"Essonne","postalCode":"91190","addressCountry":"France"},"telephone":"0169864000","sameAs":"https:\/\/cbf.cgt.fr"},"show_map":true,"show_map_link":true,"global_id":"formationsyndicale.cgt.fr?id=14","global_id_lineage":["formationsyndicale.cgt.fr?id=14"]},"organizer":[{"id":224,"author":"3","status":"publish","date":"2024-10-24 15:28:18","date_utc":"2024-10-24 13:28:18","modified":"2025-11-17 15:09:07","modified_utc":"2025-11-17 14:09:07","url":"https:\/\/formationsyndicale.cgt.fr\/?tribe_organizer=espace-vie-syndicale-pole-formation-syndicale-prudis","organizer":"Espace vie syndicale &#8211; P\u00f4le formation syndicale &#8211; Prudis","slug":"espace-vie-syndicale-pole-formation-syndicale-prudis","phone":"01 55 82 82 16","website":"http:\/\/www.cgt.fr","email":"prudis@cgt.org","json_ld":{"@type":"Person","name":"Espace vie syndicale &#8211; P\u00f4le formation syndicale &#8211; Prudis","description":"","url":"http:\/\/www.cgt.fr","telephone":"01 55 82 82 16","email":"&#112;&#114;&#117;di&#115;&#64;&#99;g&#116;&#46;&#111;r&#103;","sameAs":"http:\/\/www.cgt.fr"},"global_id":"formationsyndicale.cgt.fr?id=224","global_id_lineage":["formationsyndicale.cgt.fr?id=224"]}],"custom_fields":[],"json_ld":{"@context":"http:\/\/schema.org","@type":"Event","name":"N\u00b0 NAT-006\/2025 &#8211; Session 1 &#8211; Prise de mandat","description":"&lt;p&gt;Public Les Conseill\u00e8res et conseillers prud\\'hommes d\u00e9sign\u00e9(e)s par leur Union D\u00e9partementale et\/ou n\u2019ayant pas pu participer \u00e0 cette formation dans leur territoire. Les objectifs de formation \u00c0 l\u2019issue de cette&hellip;&nbsp;&lt;a href=&quot;https:\/\/formationsyndicale.cgt.fr\/?tribe_events=n-nat-006-2025-session-1-prise-de-mandat&quot; rel=&quot;bookmark&quot;&gt;&lt;span class=&quot;screen-reader-text&quot;&gt;N\u00b0 NAT-006\/2025 &#8211; Session 1 &#8211; Prise de mandat&lt;\/span&gt;&lt;\/a&gt;&lt;\/p&gt;\\n","url":"https:\/\/formationsyndicale.cgt.fr\/?tribe_events=n-nat-006-2025-session-1-prise-de-mandat","eventAttendanceMode":"https:\/\/schema.org\/OfflineEventAttendanceMode","eventStatus":"https:\/\/schema.org\/EventScheduled","startDate":"2025-03-03T08:00:00+01:00","endDate":"2025-03-06T17:00:00+01:00","location":{"@type":"Place","name":"Centre de formation syndicale conf\u00e9d\u00e9ral Beno\u00eet Frachon","description":"","url":"","address":{"@type":"PostalAddress","streetAddress":"12 rue Fernand Leger","addressLocality":"Gif-sur-yvette","addressRegion":"Essonne","postalCode":"91190","addressCountry":"France"},"telephone":"0169864000","sameAs":"https:\/\/cbf.cgt.fr"},"organizer":{"@type":"Person","name":"Espace vie syndicale &#8211; P\u00f4le formation syndicale &#8211; Prudis","description":"","url":"http:\/\/www.cgt.fr","telephone":"01 55 82 82 16","email":"pr&#117;di&#115;&#64;&#99;&#103;t.o&#114;g","sameAs":"http:\/\/www.cgt.fr"},"performer":"Organization"}}