{"id":264,"global_id":"formationsyndicale.cgt.fr?id=264","global_id_lineage":["formationsyndicale.cgt.fr?id=264"],"author":"3","status":"publish","date":"2024-10-30 12:11:38","date_utc":"2024-10-30 11:11:38","modified":"2024-12-11 10:47:22","modified_utc":"2024-12-11 09:47:22","url":"https:\/\/formationsyndicale.cgt.fr\/?tribe_events=n-0269-2025-professions-techniciennes-et-intermediaires","rest_url":"https:\/\/formationsyndicale.cgt.fr\/index.php?rest_route=\/tribe\/events\/v1\/events\/264","title":"N\u00b0 0269\/2025 &#8211; Professions techniciennes et interm\u00e9diaires","description":"<h4><span style=\"color: #003366;\">Public vis\u00e9<\/span><\/h4>\n<h5><span style=\"color: #003366;\">Elle s\u2019adresse, aux responsables d\u2019union f\u00e9d\u00e9rale, de f\u00e9d\u00e9rations, de commission d\u00e9partementale, aux militant\u00b7e\u00b7s de syndicats qui souhaitent d\u00e9velopper une activit\u00e9 revendicative vers les salari\u00e9\u00b7e\u00b7s des professions techniciennes.<\/span><\/h5>\n<hr \/>\n<h4><span style=\"color: #003366;\">Objectif de la formation<\/span><\/h4>\n<h5><span style=\"color: #003366;\">\u2013 Conna\u00eetre la sociologie du groupe h\u00e9t\u00e9rog\u00e8ne des professions techniciennes afin de rep\u00e9rer les points de convergence des 6 millions de salari\u00e9\u00b7e\u00b7s qualifi\u00e9\u00b7e\u00b7s qui le compose.<\/span><br \/>\n<span style=\"color: #003366;\">\u2013 Conna\u00eetre l\u2019\u00e9volution des qualifications depuis les trente derni\u00e8res ann\u00e9es pour en exiger la reconnaissance.<\/span><br \/>\n<span style=\"color: #003366;\">\u2013 Conna\u00eetre la pr\u00e9sence et la repr\u00e9sentativit\u00e9 de la CGT dans le deuxi\u00e8me coll\u00e8ge et dans la cat\u00e9gorie B des trois fonctions publiques pour mesurer l\u2019enjeu que repr\u00e9sente cette cat\u00e9gorie.<\/span><br \/>\n<span style=\"color: #003366;\">\u2013 Analyser collectivement le bien fond\u00e9 de cr\u00e9er un statut sp\u00e9cifique des technicien\u00b7nes reconnu dans le code du travail, les conventions collectives, les statuts de la fonction publique.<\/span><\/h5>","excerpt":"","slug":"n-0269-2025-professions-techniciennes-et-intermediaires","image":false,"all_day":false,"start_date":"2025-01-20 08:00:00","start_date_details":{"year":"2025","month":"01","day":"20","hour":"08","minutes":"00","seconds":"00"},"end_date":"2025-01-24 17:00:00","end_date_details":{"year":"2025","month":"01","day":"24","hour":"17","minutes":"00","seconds":"00"},"utc_start_date":"2025-01-20 07:00:00","utc_start_date_details":{"year":"2025","month":"01","day":"20","hour":"07","minutes":"00","seconds":"00"},"utc_end_date":"2025-01-24 16:00:00","utc_end_date_details":{"year":"2025","month":"01","day":"24","hour":"16","minutes":"00","seconds":"00"},"timezone":"Europe\/Paris","timezone_abbr":"CET","cost":"","cost_details":{"currency_symbol":"\u20ac","currency_code":"EUR\t\t\t\t\t\t\tclass=\t\t\t\t\t\t\tclass=\t\t\t\t\t\t\tclass=\t\t\t\t\t\t\tclass=","currency_position":"suffix","values":[]},"website":"","show_map":true,"show_map_link":true,"hide_from_listings":false,"sticky":false,"featured":false,"categories":[{"name":"\u00catre acteur toute sa vie","slug":"etre-acteur","term_group":0,"term_taxonomy_id":38,"taxonomy":"tribe_events_cat","description":"","parent":0,"count":27,"filter":"raw","id":38,"urls":{"self":"https:\/\/formationsyndicale.cgt.fr\/index.php?rest_route=\/tribe\/events\/v1\/categories\/38","collection":"https:\/\/formationsyndicale.cgt.fr\/index.php?rest_route=\/tribe\/events\/v1\/categories"}}],"tags":[],"venue":{"id":125,"author":"2","status":"publish","date":"2024-08-28 13:13:24","date_utc":"2024-08-28 11:13:24","modified":"2024-08-28 13:13:24","modified_utc":"2024-08-28 11:13:24","url":"https:\/\/formationsyndicale.cgt.fr\/?tribe_venue=institut-du-travail-universite-de-strasbourg","venue":"Institut du travail, Universit\u00e9 de Strasbourg","description":"<p>L\u2019Institut du travail de Strasbourg appartient au r\u00e9seau national des Instituts du travail.<\/p>","slug":"institut-du-travail-universite-de-strasbourg","address":"39 avenue de la For\u00eat Noire","city":"Strasbourg","country":"France","province":"Alsace","zip":"67000","phone":"+33368858700","website":"https:\/\/idt.unistra.fr\/","stateprovince":"Alsace","json_ld":{"@type":"Place","name":"Institut du travail, Universit\u00e9 de Strasbourg","description":"&lt;p&gt;L\u2019Institut du travail de Strasbourg appartient au r\u00e9seau national des Instituts du travail.&lt;\/p&gt;\\n","url":"","address":{"@type":"PostalAddress","streetAddress":"39 avenue de la For\u00eat Noire","addressLocality":"Strasbourg","addressRegion":"Alsace","postalCode":"67000","addressCountry":"France"},"telephone":"+33368858700","sameAs":"https:\/\/idt.unistra.fr\/"},"show_map":true,"show_map_link":true,"global_id":"formationsyndicale.cgt.fr?id=125","global_id_lineage":["formationsyndicale.cgt.fr?id=125"]},"organizer":[{"id":262,"author":"3","status":"publish","date":"2024-10-30 11:58:16","date_utc":"2024-10-30 10:58:16","modified":"2025-11-17 15:16:09","modified_utc":"2025-11-17 14:16:09","url":"https:\/\/formationsyndicale.cgt.fr\/?tribe_organizer=activites-confederales-ugict","organizer":"Activit\u00e9s conf\u00e9d\u00e9rales &#8211; UGICT","slug":"activites-confederales-ugict","phone":"01 55 82 83 40","website":"https:\/\/ugictcgt.fr\/formation-syndicale\/","email":"ugict@cgt.org","json_ld":{"@type":"Person","name":"Activit\u00e9s conf\u00e9d\u00e9rales &#8211; UGICT","description":"","url":"https:\/\/ugictcgt.fr\/formation-syndicale\/","telephone":"01 55 82 83 40","email":"ug&#105;&#99;t&#64;cgt.or&#103;","sameAs":"https:\/\/ugictcgt.fr\/formation-syndicale\/"},"global_id":"formationsyndicale.cgt.fr?id=262","global_id_lineage":["formationsyndicale.cgt.fr?id=262"]}],"custom_fields":[],"json_ld":{"@context":"http:\/\/schema.org","@type":"Event","name":"N\u00b0 0269\/2025 &#8211; Professions techniciennes et interm\u00e9diaires","description":"&lt;p&gt;Public vis\u00e9 Elle s\u2019adresse, aux responsables d\u2019union f\u00e9d\u00e9rale, de f\u00e9d\u00e9rations, de commission d\u00e9partementale, aux militant\u00b7e\u00b7s de syndicats qui souhaitent d\u00e9velopper une activit\u00e9 revendicative vers les salari\u00e9\u00b7e\u00b7s des professions techniciennes. Objectif&hellip;&nbsp;&lt;a href=&quot;https:\/\/formationsyndicale.cgt.fr\/?tribe_events=n-0269-2025-professions-techniciennes-et-intermediaires&quot; rel=&quot;bookmark&quot;&gt;&lt;span class=&quot;screen-reader-text&quot;&gt;N\u00b0 0269\/2025 &#8211; Professions techniciennes et interm\u00e9diaires&lt;\/span&gt;&lt;\/a&gt;&lt;\/p&gt;\\n","url":"https:\/\/formationsyndicale.cgt.fr\/?tribe_events=n-0269-2025-professions-techniciennes-et-intermediaires","eventAttendanceMode":"https:\/\/schema.org\/OfflineEventAttendanceMode","eventStatus":"https:\/\/schema.org\/EventScheduled","startDate":"2025-01-20T08:00:00+01:00","endDate":"2025-01-24T17:00:00+01:00","location":{"@type":"Place","name":"Institut du travail, Universit\u00e9 de Strasbourg","description":"&lt;p&gt;L\u2019Institut du travail de Strasbourg appartient au r\u00e9seau national des Instituts du travail.&lt;\/p&gt;\\n","url":"","address":{"@type":"PostalAddress","streetAddress":"39 avenue de la For\u00eat Noire","addressLocality":"Strasbourg","addressRegion":"Alsace","postalCode":"67000","addressCountry":"France"},"telephone":"+33368858700","sameAs":"https:\/\/idt.unistra.fr\/"},"organizer":{"@type":"Person","name":"Activit\u00e9s conf\u00e9d\u00e9rales &#8211; UGICT","description":"","url":"https:\/\/ugictcgt.fr\/formation-syndicale\/","telephone":"01 55 82 83 40","email":"u&#103;i&#99;&#116;&#64;cg&#116;.o&#114;&#103;","sameAs":"https:\/\/ugictcgt.fr\/formation-syndicale\/"},"performer":"Organization"}}