{"id":261,"global_id":"formationsyndicale.cgt.fr?id=261","global_id_lineage":["formationsyndicale.cgt.fr?id=261"],"author":"3","status":"publish","date":"2024-10-30 11:58:16","date_utc":"2024-10-30 10:58:16","modified":"2024-12-11 10:41:48","modified_utc":"2024-12-11 09:41:48","url":"https:\/\/formationsyndicale.cgt.fr\/?tribe_events=n-0268-2025-maitriser-la-technique-de-lenquete-conscientisante","rest_url":"https:\/\/formationsyndicale.cgt.fr\/index.php?rest_route=\/tribe\/events\/v1\/events\/261","title":"N\u00b0 0268\/2025 &#8211; Ma\u00eetriser la technique de l&rsquo;enqu\u00eate conscientisante","description":"<h4><span style=\"color: #003366;\"><strong>Public vis\u00e9<\/strong><\/span><\/h4>\n<h5><span style=\"color: #003366;\">Les membres de la Commission ex\u00e9cutive de l\u2019Ugict-CGT, des directions des Unions f\u00e9d\u00e9rales et des Commissions d\u00e9partementales Ugict, des syndicats sp\u00e9cifiques, les \u00e9lu\u00b7es et mandat\u00e9\u00b7es des coll\u00e8ges 2 et 3 et des cat\u00e9gories A et B.<\/span><\/h5>\n<hr \/>\n<h4><span style=\"color: #003366;\"><strong>L\u2019objectif de ce stage<\/strong><\/span><\/h4>\n<h5><span style=\"color: #003366;\">Construire une enqu\u00eate \u00e0 l\u2019attention des ICTAM, syndiqu\u00e9\u00b7s ou non, pour leur permettre d\u2019appr\u00e9hender toutes les facettes d\u2019une probl\u00e9matique, d\u2019identifier les solutions et de d\u00e9terminer les modalit\u00e9s d\u2019action pour obtenir leur mise en \u0153uvre.<\/span><\/h5>\n<hr \/>\n<h5><\/h5>","excerpt":"","slug":"n-0268-2025-maitriser-la-technique-de-lenquete-conscientisante","image":false,"all_day":false,"start_date":"2025-01-27 08:00:00","start_date_details":{"year":"2025","month":"01","day":"27","hour":"08","minutes":"00","seconds":"00"},"end_date":"2025-01-31 17:00:00","end_date_details":{"year":"2025","month":"01","day":"31","hour":"17","minutes":"00","seconds":"00"},"utc_start_date":"2025-01-27 07:00:00","utc_start_date_details":{"year":"2025","month":"01","day":"27","hour":"07","minutes":"00","seconds":"00"},"utc_end_date":"2025-01-31 16:00:00","utc_end_date_details":{"year":"2025","month":"01","day":"31","hour":"16","minutes":"00","seconds":"00"},"timezone":"Europe\/Paris","timezone_abbr":"CET","cost":"","cost_details":{"currency_symbol":"\u20ac","currency_code":"EUR\t\t\t\t\t\t\tclass=","currency_position":"suffix","values":[]},"website":"","show_map":true,"show_map_link":true,"hide_from_listings":false,"sticky":false,"featured":false,"categories":[{"name":"\u00catre acteur toute sa vie","slug":"etre-acteur","term_group":0,"term_taxonomy_id":38,"taxonomy":"tribe_events_cat","description":"","parent":0,"count":27,"filter":"raw","id":38,"urls":{"self":"https:\/\/formationsyndicale.cgt.fr\/index.php?rest_route=\/tribe\/events\/v1\/categories\/38","collection":"https:\/\/formationsyndicale.cgt.fr\/index.php?rest_route=\/tribe\/events\/v1\/categories"}}],"tags":[],"venue":{"id":14,"author":"1","status":"publish","date":"2024-05-14 13:55:25","date_utc":"2024-05-14 11:55:25","modified":"2024-05-14 13:55:25","modified_utc":"2024-05-14 11:55:25","url":"https:\/\/formationsyndicale.cgt.fr\/?tribe_venue=centre-de-formation-syndicale-confederal-benoit-frachon","venue":"Centre de formation syndicale conf\u00e9d\u00e9ral Beno\u00eet Frachon","slug":"centre-de-formation-syndicale-confederal-benoit-frachon","address":"12 rue Fernand Leger","city":"Gif-sur-yvette","country":"France","province":"Essonne","zip":"91190","phone":"0169864000","website":"https:\/\/cbf.cgt.fr","stateprovince":"Essonne","json_ld":{"@type":"Place","name":"Centre de formation syndicale conf\u00e9d\u00e9ral Beno\u00eet Frachon","description":"","url":"","address":{"@type":"PostalAddress","streetAddress":"12 rue Fernand Leger","addressLocality":"Gif-sur-yvette","addressRegion":"Essonne","postalCode":"91190","addressCountry":"France"},"telephone":"0169864000","sameAs":"https:\/\/cbf.cgt.fr"},"show_map":true,"show_map_link":true,"global_id":"formationsyndicale.cgt.fr?id=14","global_id_lineage":["formationsyndicale.cgt.fr?id=14"]},"organizer":[{"id":262,"author":"3","status":"publish","date":"2024-10-30 11:58:16","date_utc":"2024-10-30 10:58:16","modified":"2025-11-17 15:16:09","modified_utc":"2025-11-17 14:16:09","url":"https:\/\/formationsyndicale.cgt.fr\/?tribe_organizer=activites-confederales-ugict","organizer":"Activit\u00e9s conf\u00e9d\u00e9rales &#8211; UGICT","slug":"activites-confederales-ugict","phone":"01 55 82 83 40","website":"https:\/\/ugictcgt.fr\/formation-syndicale\/","email":"ugict@cgt.org","json_ld":{"@type":"Person","name":"Activit\u00e9s conf\u00e9d\u00e9rales &#8211; UGICT","description":"","url":"https:\/\/ugictcgt.fr\/formation-syndicale\/","telephone":"01 55 82 83 40","email":"&#117;g&#105;&#99;t&#64;c&#103;&#116;.org","sameAs":"https:\/\/ugictcgt.fr\/formation-syndicale\/"},"global_id":"formationsyndicale.cgt.fr?id=262","global_id_lineage":["formationsyndicale.cgt.fr?id=262"]}],"custom_fields":[],"json_ld":{"@context":"http:\/\/schema.org","@type":"Event","name":"N\u00b0 0268\/2025 &#8211; Ma\u00eetriser la technique de l&rsquo;enqu\u00eate conscientisante","description":"&lt;p&gt;Public vis\u00e9 Les membres de la Commission ex\u00e9cutive de l\u2019Ugict-CGT, des directions des Unions f\u00e9d\u00e9rales et des Commissions d\u00e9partementales Ugict, des syndicats sp\u00e9cifiques, les \u00e9lu\u00b7es et mandat\u00e9\u00b7es des coll\u00e8ges 2&hellip;&nbsp;&lt;a href=&quot;https:\/\/formationsyndicale.cgt.fr\/?tribe_events=n-0268-2025-maitriser-la-technique-de-lenquete-conscientisante&quot; rel=&quot;bookmark&quot;&gt;&lt;span class=&quot;screen-reader-text&quot;&gt;N\u00b0 0268\/2025 &#8211; Ma\u00eetriser la technique de l&rsquo;enqu\u00eate conscientisante&lt;\/span&gt;&lt;\/a&gt;&lt;\/p&gt;\\n","url":"https:\/\/formationsyndicale.cgt.fr\/?tribe_events=n-0268-2025-maitriser-la-technique-de-lenquete-conscientisante","eventAttendanceMode":"https:\/\/schema.org\/OfflineEventAttendanceMode","eventStatus":"https:\/\/schema.org\/EventScheduled","startDate":"2025-01-27T08:00:00+01:00","endDate":"2025-01-31T17:00:00+01:00","location":{"@type":"Place","name":"Centre de formation syndicale conf\u00e9d\u00e9ral Beno\u00eet Frachon","description":"","url":"","address":{"@type":"PostalAddress","streetAddress":"12 rue Fernand Leger","addressLocality":"Gif-sur-yvette","addressRegion":"Essonne","postalCode":"91190","addressCountry":"France"},"telephone":"0169864000","sameAs":"https:\/\/cbf.cgt.fr"},"organizer":{"@type":"Person","name":"Activit\u00e9s conf\u00e9d\u00e9rales &#8211; UGICT","description":"","url":"https:\/\/ugictcgt.fr\/formation-syndicale\/","telephone":"01 55 82 83 40","email":"&#117;gi&#99;t&#64;&#99;g&#116;.&#111;&#114;g","sameAs":"https:\/\/ugictcgt.fr\/formation-syndicale\/"},"performer":"Organization"}}