{"id":230,"global_id":"formationsyndicale.cgt.fr?id=230","global_id_lineage":["formationsyndicale.cgt.fr?id=230"],"author":"3","status":"publish","date":"2024-10-24 15:52:49","date_utc":"2024-10-24 13:52:49","modified":"2024-11-13 14:40:06","modified_utc":"2024-11-13 13:40:06","url":"https:\/\/formationsyndicale.cgt.fr\/?tribe_events=n-003-2025-prudis-discrimination-1er-module","rest_url":"https:\/\/formationsyndicale.cgt.fr\/index.php?rest_route=\/tribe\/events\/v1\/events\/230","title":"N\u00b0 NAT-003\/2025 &#8211; Prudis &#8211; Discrimination \/ 1er module","description":"<h4><strong><span style=\"color: #003366;\">Contenu<\/span><\/strong><\/h4>\n<h5><span style=\"color: #003366;\">La notion de discrimination, les diff\u00e9rentes causes de discrimination. Les moyens de preuve, les sanctions. Les pouvoirs des conseiller.\u00e8re.s prud&rsquo;hommes.<\/span><\/h5>\n<hr \/>\n<h4><strong><span style=\"color: #003366;\">Public &#8211; Pr\u00e9-requis<\/span><\/strong><\/h4>\n<h5><span style=\"color: #003366;\">Les conseiller(e)s prud&rsquo;hommes ayant suivi le cursus de formation PRUDIS jusqu&rsquo;\u00e0 la session 3 module 2 inclus. Les stagiaires devront obligatoirement s&rsquo;inscrire au stage \u00ab\u00a0Harc\u00e8lement\u00a0\u00bb (Module 2) du N\u00b0021 du 22 au 26 septembre 2025.<\/span><\/h5>\n<hr \/>\n<p><a href=\"https:\/\/formationsyndicale.cgt.fr\/wp-content\/uploads\/2024\/10\/2025-003-FD-Discrimination-M1.docx\">2025 003 FD Discrimination M1<\/a><\/p>\n<p><a href=\"https:\/\/formationsyndicale.cgt.fr\/wp-content\/uploads\/2024\/10\/2025-003-FC-Discrimination-Module-1.doc\">2025 003 FC Discrimination Module 1<\/a><\/p>","excerpt":"","slug":"n-003-2025-prudis-discrimination-1er-module","image":false,"all_day":false,"start_date":"2025-01-27 08:00:00","start_date_details":{"year":"2025","month":"01","day":"27","hour":"08","minutes":"00","seconds":"00"},"end_date":"2025-01-31 17:00:00","end_date_details":{"year":"2025","month":"01","day":"31","hour":"17","minutes":"00","seconds":"00"},"utc_start_date":"2025-01-27 07:00:00","utc_start_date_details":{"year":"2025","month":"01","day":"27","hour":"07","minutes":"00","seconds":"00"},"utc_end_date":"2025-01-31 16:00:00","utc_end_date_details":{"year":"2025","month":"01","day":"31","hour":"16","minutes":"00","seconds":"00"},"timezone":"Europe\/Paris","timezone_abbr":"CET","cost":"","cost_details":{"currency_symbol":"\u20ac","currency_code":"EUR\t\t\t\t\t\t\tclass=\t\t\t\t\t\t\tclass=\t\t\t\t\t\t\tclass=\t\t\t\t\t\t\tclass=","currency_position":"suffix","values":[]},"website":"","show_map":true,"show_map_link":true,"hide_from_listings":false,"sticky":false,"featured":false,"categories":[{"name":"Outiller au mandat","slug":"outiller-mandat","term_group":0,"term_taxonomy_id":39,"taxonomy":"tribe_events_cat","description":"","parent":0,"count":25,"filter":"raw","id":39,"urls":{"self":"https:\/\/formationsyndicale.cgt.fr\/index.php?rest_route=\/tribe\/events\/v1\/categories\/39","collection":"https:\/\/formationsyndicale.cgt.fr\/index.php?rest_route=\/tribe\/events\/v1\/categories"}}],"tags":[],"venue":{"id":122,"author":"2","status":"publish","date":"2024-08-28 13:08:20","date_utc":"2024-08-28 11:08:20","modified":"2024-08-28 13:08:20","modified_utc":"2024-08-28 11:08:20","url":"https:\/\/formationsyndicale.cgt.fr\/?tribe_venue=isst-bourg-la-reine","venue":"ISST Bourg-la-Reine","description":"<p><a title=\"Universit\u00e9 Paris 1 Panth\u00e9on-Sorbonne\" href=\"https:\/\/www.pantheonsorbonne.fr\" target=\"_blank\" rel=\"noopener noreferrer\">Universit\u00e9 Paris 1 Panth\u00e9on-Sorbonne<\/a><\/p>\n<p>Nos missions : former les militants syndicaux et de compl\u00e9ter leur exp\u00e9rience par un enseignement de niveau universitaire<\/p>\n<menu id=\"fcltHTML5Menu1\" type=\"context\"><\/menu>","slug":"isst-bourg-la-reine","address":"16, boulevard Carnot","city":"Bourg-la-Reine","country":"France","province":"\u00cele-de-France","zip":"92340","phone":"+33179419000","website":"https:\/\/isst.pantheonsorbonne.fr\/","stateprovince":"\u00cele-de-France","json_ld":{"@type":"Place","name":"ISST Bourg-la-Reine","description":"&lt;p&gt;Universit\u00e9 Paris 1 Panth\u00e9on-Sorbonne Nos missions : former les militants syndicaux et de compl\u00e9ter leur exp\u00e9rience par un enseignement de niveau universitaire&lt;\/p&gt;\\n","url":"","address":{"@type":"PostalAddress","streetAddress":"16, boulevard Carnot","addressLocality":"Bourg-la-Reine","addressRegion":"\u00cele-de-France","postalCode":"92340","addressCountry":"France"},"telephone":"+33179419000","sameAs":"https:\/\/isst.pantheonsorbonne.fr\/"},"show_map":true,"show_map_link":true,"global_id":"formationsyndicale.cgt.fr?id=122","global_id_lineage":["formationsyndicale.cgt.fr?id=122"]},"organizer":[{"id":224,"author":"3","status":"publish","date":"2024-10-24 15:28:18","date_utc":"2024-10-24 13:28:18","modified":"2025-11-17 15:09:07","modified_utc":"2025-11-17 14:09:07","url":"https:\/\/formationsyndicale.cgt.fr\/?tribe_organizer=espace-vie-syndicale-pole-formation-syndicale-prudis","organizer":"Espace vie syndicale &#8211; P\u00f4le formation syndicale &#8211; Prudis","slug":"espace-vie-syndicale-pole-formation-syndicale-prudis","phone":"01 55 82 82 16","website":"http:\/\/www.cgt.fr","email":"prudis@cgt.org","json_ld":{"@type":"Person","name":"Espace vie syndicale &#8211; P\u00f4le formation syndicale &#8211; Prudis","description":"","url":"http:\/\/www.cgt.fr","telephone":"01 55 82 82 16","email":"&#112;&#114;&#117;d&#105;&#115;&#64;cgt.or&#103;","sameAs":"http:\/\/www.cgt.fr"},"global_id":"formationsyndicale.cgt.fr?id=224","global_id_lineage":["formationsyndicale.cgt.fr?id=224"]}],"custom_fields":[],"json_ld":{"@context":"http:\/\/schema.org","@type":"Event","name":"N\u00b0 NAT-003\/2025 &#8211; Prudis &#8211; Discrimination \/ 1er module","description":"&lt;p&gt;Contenu La notion de discrimination, les diff\u00e9rentes causes de discrimination. Les moyens de preuve, les sanctions. Les pouvoirs des conseiller.\u00e8re.s prud\\'hommes. Public - Pr\u00e9-requis Les conseiller(e)s prud\\'hommes ayant suivi le&hellip;&nbsp;&lt;a href=&quot;https:\/\/formationsyndicale.cgt.fr\/?tribe_events=n-003-2025-prudis-discrimination-1er-module&quot; rel=&quot;bookmark&quot;&gt;&lt;span class=&quot;screen-reader-text&quot;&gt;N\u00b0 NAT-003\/2025 &#8211; Prudis &#8211; Discrimination \/ 1er module&lt;\/span&gt;&lt;\/a&gt;&lt;\/p&gt;\\n","url":"https:\/\/formationsyndicale.cgt.fr\/?tribe_events=n-003-2025-prudis-discrimination-1er-module","eventAttendanceMode":"https:\/\/schema.org\/OfflineEventAttendanceMode","eventStatus":"https:\/\/schema.org\/EventScheduled","startDate":"2025-01-27T08:00:00+01:00","endDate":"2025-01-31T17:00:00+01:00","location":{"@type":"Place","name":"ISST Bourg-la-Reine","description":"&lt;p&gt;Universit\u00e9 Paris 1 Panth\u00e9on-Sorbonne Nos missions : former les militants syndicaux et de compl\u00e9ter leur exp\u00e9rience par un enseignement de niveau universitaire&lt;\/p&gt;\\n","url":"","address":{"@type":"PostalAddress","streetAddress":"16, boulevard Carnot","addressLocality":"Bourg-la-Reine","addressRegion":"\u00cele-de-France","postalCode":"92340","addressCountry":"France"},"telephone":"+33179419000","sameAs":"https:\/\/isst.pantheonsorbonne.fr\/"},"organizer":{"@type":"Person","name":"Espace vie syndicale &#8211; P\u00f4le formation syndicale &#8211; Prudis","description":"","url":"http:\/\/www.cgt.fr","telephone":"01 55 82 82 16","email":"pr&#117;d&#105;&#115;&#64;c&#103;t&#46;o&#114;&#103;","sameAs":"http:\/\/www.cgt.fr"},"performer":"Organization"}}