{"id":197,"global_id":"formationsyndicale.cgt.fr?id=197","global_id_lineage":["formationsyndicale.cgt.fr?id=197"],"author":"3","status":"publish","date":"2024-10-24 12:00:01","date_utc":"2024-10-24 10:00:01","modified":"2024-11-25 11:53:46","modified_utc":"2024-11-25 10:53:46","url":"https:\/\/formationsyndicale.cgt.fr\/?tribe_events=n-0208-2025-retraites","rest_url":"https:\/\/formationsyndicale.cgt.fr\/index.php?rest_route=\/tribe\/events\/v1\/events\/197","title":"N\u00b0 0208\/2025 &#8211; Retraites","description":"<h4><span style=\"color: #003366;\">Population syndicale concern\u00e9e <\/span><\/h4>\n<h5><span style=\"color: #003366;\"><strong>Les camarades en charge du dossier retraite ou susceptibles de le devenir, les membres des commissions protection sociale de leur organisation professionnelle ou territoriale, les administrateurs des r\u00e9gimes de retraite, des institutions de s\u00e9curit\u00e9 sociale (Carsat, \u2026), des institutions de retraite compl\u00e9mentaires, et des groupes de protection social en g\u00e9n\u00e9ral.<\/strong><\/span><\/h5>\n<hr \/>\n<h4><span style=\"color: #003366;\">Les objectifs de formation<\/span><\/h4>\n<h5><span style=\"color: #003366;\"><strong>Les salari\u00e9.es, mais aussi de plus en plus de retrait\u00e9.es, se tournent vers nous en esp\u00e9rant obtenir des r\u00e9ponses \u00e0 leurs pr\u00e9occupations. Pour qu\u2019elles soient autant de pr\u00e9textes \u00e0 engagement dans l\u2019action revendicative, il nous faut plus de militantes et militants en mesure de porter les dimensions revendicatives du dossier retraite.<\/strong><\/span><\/h5>\n<hr \/>\n<p><a href=\"https:\/\/formationsyndicale.cgt.fr\/wp-content\/uploads\/2024\/10\/FD_retraite_du_24-fev-au-28-fev-2025.docx\">FD_retraite_du_24 f\u00e9v au 28 f\u00e9v 2025<\/a><\/p>\n<p><a href=\"https:\/\/formationsyndicale.cgt.fr\/wp-content\/uploads\/2024\/10\/FC_retraite_du_24-fev-au-28-fev-25.docx\">FC_retraite_du_24 f\u00e9v au 28 f\u00e9v 25<\/a><\/p>","excerpt":"","slug":"n-0208-2025-retraites","image":false,"all_day":false,"start_date":"2025-02-24 08:00:00","start_date_details":{"year":"2025","month":"02","day":"24","hour":"08","minutes":"00","seconds":"00"},"end_date":"2025-02-28 17:00:00","end_date_details":{"year":"2025","month":"02","day":"28","hour":"17","minutes":"00","seconds":"00"},"utc_start_date":"2025-02-24 07:00:00","utc_start_date_details":{"year":"2025","month":"02","day":"24","hour":"07","minutes":"00","seconds":"00"},"utc_end_date":"2025-02-28 16:00:00","utc_end_date_details":{"year":"2025","month":"02","day":"28","hour":"16","minutes":"00","seconds":"00"},"timezone":"Europe\/Paris","timezone_abbr":"CET","cost":"","cost_details":{"currency_symbol":"\u20ac","currency_code":"EUR\t\t\t\t\t\t\tclass=\t\t\t\t\t\t\tclass=\t\t\t\t\t\t\tclass=","currency_position":"suffix","values":[]},"website":"","show_map":true,"show_map_link":true,"hide_from_listings":false,"sticky":false,"featured":false,"categories":[],"tags":[],"venue":{"id":14,"author":"1","status":"publish","date":"2024-05-14 13:55:25","date_utc":"2024-05-14 11:55:25","modified":"2024-05-14 13:55:25","modified_utc":"2024-05-14 11:55:25","url":"https:\/\/formationsyndicale.cgt.fr\/?tribe_venue=centre-de-formation-syndicale-confederal-benoit-frachon","venue":"Centre de formation syndicale conf\u00e9d\u00e9ral Beno\u00eet Frachon","slug":"centre-de-formation-syndicale-confederal-benoit-frachon","address":"12 rue Fernand Leger","city":"Gif-sur-yvette","country":"France","province":"Essonne","zip":"91190","phone":"0169864000","website":"https:\/\/cbf.cgt.fr","stateprovince":"Essonne","json_ld":{"@type":"Place","name":"Centre de formation syndicale conf\u00e9d\u00e9ral Beno\u00eet Frachon","description":"","url":"","address":{"@type":"PostalAddress","streetAddress":"12 rue Fernand Leger","addressLocality":"Gif-sur-yvette","addressRegion":"Essonne","postalCode":"91190","addressCountry":"France"},"telephone":"0169864000","sameAs":"https:\/\/cbf.cgt.fr"},"show_map":true,"show_map_link":true,"global_id":"formationsyndicale.cgt.fr?id=14","global_id_lineage":["formationsyndicale.cgt.fr?id=14"]},"organizer":[{"id":198,"author":"3","status":"publish","date":"2024-10-24 11:32:01","date_utc":"2024-10-24 09:32:01","modified":"2025-11-17 15:19:01","modified_utc":"2025-11-17 14:19:01","url":"https:\/\/formationsyndicale.cgt.fr\/?tribe_organizer=espace-revendicatif-pote-travail-sante-securite-sociale","organizer":"Espace revendicatif &#8211; P\u00f4te travail sant\u00e9 &#8211; S\u00e9curit\u00e9 sociale","description":"<p><strong>Espace revendicatif<\/strong><\/p>\n<p><strong>Activit\u00e9 retraite et pr\u00e9voyance<\/strong><\/p>","slug":"espace-revendicatif-pote-travail-sante-securite-sociale","phone":"01 55 82 82 22","website":"http:\/\/www.cgt.fr","email":"c.dufflot@cgt.org","json_ld":{"@type":"Person","name":"Espace revendicatif &#8211; P\u00f4te travail sant\u00e9 &#8211; S\u00e9curit\u00e9 sociale","description":"&lt;p&gt;Espace revendicatif Activit\u00e9 retraite et pr\u00e9voyance&lt;\/p&gt;\\n","url":"http:\/\/www.cgt.fr","telephone":"01 55 82 82 22","email":"c&#46;d&#117;f&#102;&#108;&#111;t&#64;cgt&#46;o&#114;g","sameAs":"http:\/\/www.cgt.fr"},"global_id":"formationsyndicale.cgt.fr?id=198","global_id_lineage":["formationsyndicale.cgt.fr?id=198"]}],"custom_fields":[],"json_ld":{"@context":"http:\/\/schema.org","@type":"Event","name":"N\u00b0 0208\/2025 &#8211; Retraites","description":"&lt;p&gt;Population syndicale concern\u00e9e Les camarades en charge du dossier retraite ou susceptibles de le devenir, les membres des commissions protection sociale de leur organisation professionnelle ou territoriale, les administrateurs des&hellip;&nbsp;&lt;a href=&quot;https:\/\/formationsyndicale.cgt.fr\/?tribe_events=n-0208-2025-retraites&quot; rel=&quot;bookmark&quot;&gt;&lt;span class=&quot;screen-reader-text&quot;&gt;N\u00b0 0208\/2025 &#8211; Retraites&lt;\/span&gt;&lt;\/a&gt;&lt;\/p&gt;\\n","url":"https:\/\/formationsyndicale.cgt.fr\/?tribe_events=n-0208-2025-retraites","eventAttendanceMode":"https:\/\/schema.org\/OfflineEventAttendanceMode","eventStatus":"https:\/\/schema.org\/EventScheduled","startDate":"2025-02-24T08:00:00+01:00","endDate":"2025-02-28T17:00:00+01:00","location":{"@type":"Place","name":"Centre de formation syndicale conf\u00e9d\u00e9ral Beno\u00eet Frachon","description":"","url":"","address":{"@type":"PostalAddress","streetAddress":"12 rue Fernand Leger","addressLocality":"Gif-sur-yvette","addressRegion":"Essonne","postalCode":"91190","addressCountry":"France"},"telephone":"0169864000","sameAs":"https:\/\/cbf.cgt.fr"},"organizer":{"@type":"Person","name":"Espace revendicatif &#8211; P\u00f4te travail sant\u00e9 &#8211; S\u00e9curit\u00e9 sociale","description":"&lt;p&gt;Espace revendicatif Activit\u00e9 retraite et pr\u00e9voyance&lt;\/p&gt;\\n","url":"http:\/\/www.cgt.fr","telephone":"01 55 82 82 22","email":"&#99;.&#100;u&#102;&#102;&#108;&#111;t&#64;&#99;&#103;t&#46;&#111;&#114;&#103;","sameAs":"http:\/\/www.cgt.fr"},"performer":"Organization"}}