{"id":1616,"global_id":"formationsyndicale.cgt.fr?id=1616","global_id_lineage":["formationsyndicale.cgt.fr?id=1616"],"author":"3","status":"publish","date":"2025-12-01 09:30:09","date_utc":"2025-12-01 08:30:09","modified":"2026-08-13 15:35:14","modified_utc":"2026-08-13 13:35:14","url":"https:\/\/formationsyndicale.cgt.fr\/?tribe_events=n0554-2026-elu%c2%b7e%c2%b7s-et-mandate%c2%b7e%c2%b7s-dans-la-formation-professionnelle-en-entreprise","rest_url":"https:\/\/formationsyndicale.cgt.fr\/index.php?rest_route=\/tribe\/events\/v1\/events\/1616","title":"N\u00b00554\/2026 &#8211; Agir dans les instances paritaires de la formation professionnelle,  outiller les mandat\u00e9.es","description":"<h4><span style=\"color: #003366;\"><strong>Public concern\u00e9\u00a0:<\/strong><\/span><\/h4>\n<h5><span style=\"color: #003366;\"><strong>Mandat\u00e9.e.s dans les instances paritaires ou quadripartites de la formation professionnelle : ATPro, CREFOP, OPCO, CPNEFP, France Comp\u00e9tences, SPP, CPPNI etc\u2026 et r\u00e9f\u00e9rent.es formation professionnelle dans les organisations : f\u00e9d\u00e9rations, UD, Comit\u00e9s r\u00e9gionaux.<\/strong><\/span><\/h5>\n<hr \/>\n<h4><span style=\"color: #003366;\"><strong>Les objectifs de formation\u00a0:<\/strong><\/span><\/h4>\n<h5><span style=\"color: #003366;\">\u00c0 l\u2019issue de la formation, les stagiaires seront capables de :<\/span><\/h5>\n<ul>\n<li>\n<h5><span style=\"color: #003366;\"><strong>Situer les acteurs et les instances<\/strong> de la formation professionnelle et comprendre leurs r\u00f4les respectifs.<\/span><\/h5>\n<\/li>\n<li>\n<h5><span style=\"color: #003366;\"><strong>Comprendre la gouvernance et les financements<\/strong> de la formation professionnelle (paritarisme de gestion et de d\u00e9cision).<\/span><\/h5>\n<\/li>\n<li>\n<h5><span style=\"color: #003366;\"><strong>Lire, analyser et interpr\u00e9ter des documents paritaires<\/strong> : exemple de r\u00e8glement int\u00e9rieur<\/span><\/h5>\n<\/li>\n<li>\n<h5><span style=\"color: #003366;\"><strong>Identifier les dispositifs, certifications et qualifications<\/strong>, ainsi que leurs usages et enjeux dans les branches et entreprises.<\/span><\/h5>\n<\/li>\n<li>\n<h5><span style=\"color: #003366;\"><strong>D\u00e9velopper des positions CGT argument\u00e9es<\/strong>, \u00e9clair\u00e9es par les enjeux de qualit\u00e9, d\u2019acc\u00e8s aux droits et de conditions de travail.<\/span><\/h5>\n<\/li>\n<li>\n<h5><span style=\"color: #003366;\"><strong>Construire une strat\u00e9gie syndicale dans une instance paritaire<\/strong> (rep\u00e9rer les lignes rouges, les leviers, les alliances possibles).<\/span><\/h5>\n<\/li>\n<li>\n<h5><span style=\"color: #003366;\"><strong>Participer \u00e0 une n\u00e9gociation et rendre compte de son mandat<\/strong> \u00e0 son organisation.<\/span><\/h5>\n<\/li>\n<li>\n<h5><span style=\"color: #003366;\"><strong>Produire des outils de transmission du mandat<\/strong> pour les futur\u00b7es mandat\u00e9\u00b7es.<\/span><\/h5>\n<\/li>\n<\/ul>\n<hr \/>\n<h5><a href=\"https:\/\/formationsyndicale.cgt.fr\/wp-content\/uploads\/2025\/12\/FD-Agir-dans-les-instances-paritaires-de-la-formation-sept-2026.docx\">FD Agir dans les instances paritaires de la formation sept 2026<\/a><\/h5>\n<h5><a href=\"https:\/\/formationsyndicale.cgt.fr\/wp-content\/uploads\/2025\/12\/FC-Mandate.es-Formation-Sept-2026.doc.docx\">FC Mandat\u00e9.es Formation Sept 2026.doc<\/a><\/h5>","excerpt":"","slug":"n0554-2026-elu%c2%b7e%c2%b7s-et-mandate%c2%b7e%c2%b7s-dans-la-formation-professionnelle-en-entreprise","image":false,"all_day":false,"start_date":"2026-09-28 08:00:00","start_date_details":{"year":"2026","month":"09","day":"28","hour":"08","minutes":"00","seconds":"00"},"end_date":"2026-09-30 17:00:00","end_date_details":{"year":"2026","month":"09","day":"30","hour":"17","minutes":"00","seconds":"00"},"utc_start_date":"2026-09-28 06:00:00","utc_start_date_details":{"year":"2026","month":"09","day":"28","hour":"06","minutes":"00","seconds":"00"},"utc_end_date":"2026-09-30 15:00:00","utc_end_date_details":{"year":"2026","month":"09","day":"30","hour":"15","minutes":"00","seconds":"00"},"timezone":"Europe\/Paris","timezone_abbr":"CEST","cost":"","cost_details":{"currency_symbol":"\u20ac","currency_code":"EUR","currency_position":"suffix","values":[]},"website":"","show_map":true,"show_map_link":true,"hide_from_listings":false,"sticky":false,"featured":false,"categories":[],"tags":[],"venue":{"id":14,"author":"1","status":"publish","date":"2024-05-14 13:55:25","date_utc":"2024-05-14 11:55:25","modified":"2024-05-14 13:55:25","modified_utc":"2024-05-14 11:55:25","url":"https:\/\/formationsyndicale.cgt.fr\/?tribe_venue=centre-de-formation-syndicale-confederal-benoit-frachon","venue":"Centre de formation syndicale conf\u00e9d\u00e9ral Beno\u00eet Frachon","slug":"centre-de-formation-syndicale-confederal-benoit-frachon","address":"12 rue Fernand Leger","city":"Gif-sur-yvette","country":"France","province":"Essonne","zip":"91190","phone":"0169864000","website":"https:\/\/cbf.cgt.fr","stateprovince":"Essonne","json_ld":{"@type":"Place","name":"Centre de formation syndicale conf\u00e9d\u00e9ral Beno\u00eet Frachon","description":"","url":"","address":{"@type":"PostalAddress","streetAddress":"12 rue Fernand Leger","addressLocality":"Gif-sur-yvette","addressRegion":"Essonne","postalCode":"91190","addressCountry":"France"},"telephone":"0169864000","sameAs":"https:\/\/cbf.cgt.fr"},"show_map":true,"show_map_link":true,"global_id":"formationsyndicale.cgt.fr?id=14","global_id_lineage":["formationsyndicale.cgt.fr?id=14"]},"organizer":[{"id":186,"author":"3","status":"publish","date":"2024-10-24 09:56:03","date_utc":"0000-00-00 00:00:00","modified":"2024-10-24 09:56:03","modified_utc":"0000-00-00 00:00:00","url":"https:\/\/formationsyndicale.cgt.fr\/?tribe_organizer=espace-revendicatif-pole-emploi-garanties-collectives","organizer":"Espace revendicatif &#8211; P\u00f4le emploi \/ Garanties collectives","slug":"espace-revendicatif-pole-emploi-garanties-collectives","json_ld":{"@type":"Person","name":"Espace revendicatif &#8211; P\u00f4le emploi \/ Garanties collectives","description":"","url":"","telephone":"","email":"","sameAs":""},"global_id":"formationsyndicale.cgt.fr?id=186","global_id_lineage":["formationsyndicale.cgt.fr?id=186"]}],"custom_fields":[],"json_ld":{"@context":"http:\/\/schema.org","@type":"Event","name":"N\u00b00554\/2026 &#8211; Agir dans les instances paritaires de la formation professionnelle,  outiller les mandat\u00e9.es","description":"&lt;p&gt;Public concern\u00e9\u00a0: Mandat\u00e9.e.s dans les instances paritaires ou quadripartites de la formation professionnelle : ATPro, CREFOP, OPCO, CPNEFP, France Comp\u00e9tences, SPP, CPPNI etc\u2026 et r\u00e9f\u00e9rent.es formation professionnelle dans les organisations&hellip;&nbsp;&lt;a href=&quot;https:\/\/formationsyndicale.cgt.fr\/?tribe_events=n0554-2026-elu%c2%b7e%c2%b7s-et-mandate%c2%b7e%c2%b7s-dans-la-formation-professionnelle-en-entreprise&quot; rel=&quot;bookmark&quot;&gt;&lt;span class=&quot;screen-reader-text&quot;&gt;N\u00b00554\/2026 &#8211; Agir dans les instances paritaires de la formation professionnelle,  outiller les mandat\u00e9.es&lt;\/span&gt;&lt;\/a&gt;&lt;\/p&gt;\\n","url":"https:\/\/formationsyndicale.cgt.fr\/?tribe_events=n0554-2026-elu%c2%b7e%c2%b7s-et-mandate%c2%b7e%c2%b7s-dans-la-formation-professionnelle-en-entreprise","eventAttendanceMode":"https:\/\/schema.org\/OfflineEventAttendanceMode","eventStatus":"https:\/\/schema.org\/EventScheduled","startDate":"2026-09-28T08:00:00+02:00","endDate":"2026-09-30T17:00:00+02:00","location":{"@type":"Place","name":"Centre de formation syndicale conf\u00e9d\u00e9ral Beno\u00eet Frachon","description":"","url":"","address":{"@type":"PostalAddress","streetAddress":"12 rue Fernand Leger","addressLocality":"Gif-sur-yvette","addressRegion":"Essonne","postalCode":"91190","addressCountry":"France"},"telephone":"0169864000","sameAs":"https:\/\/cbf.cgt.fr"},"organizer":{"@type":"Person","name":"Espace revendicatif &#8211; P\u00f4le emploi \/ Garanties collectives","description":"","url":"","telephone":"","email":"","sameAs":""},"performer":"Organization"}}